{"id":9888,"date":"2018-03-05T08:08:37","date_gmt":"2018-03-05T07:08:37","guid":{"rendered":"http:\/\/www.evasanagustin.com\/workaholic\/?p=9888"},"modified":"2020-05-01T19:52:45","modified_gmt":"2020-05-01T17:52:45","slug":"contenidos-tests-de-orientacion-educativa-y-profesional","status":"publish","type":"post","link":"https:\/\/www.evasanagustin.com\/workaholic\/2018\/03\/05\/contenidos-tests-de-orientacion-educativa-y-profesional\/","title":{"rendered":"[Contenidos] Tests de orientaci\u00f3n educativa y profesional"},"content":{"rendered":"<p>\u00bfQu\u00e9 quer\u00edas ser cuando empezaste a estudiar? \u00bfHas acabado dedic\u00e1ndote a ello? \u00bfCu\u00e1ntas veces has reorientado tu perfil profesional? Da igual lo que hayas contestado, no tienes de qu\u00e9 avergonzarte: ni por haber cumplido tu sue\u00f1o ni por intentar so\u00f1ar. Responder \u201cqu\u00e9 quieres ser de mayor\u201d cuando \u201cser mayor\u201d parece algo muy lejano puede ser dif\u00edcil, igual que cuando \u201ceres mayor\u201d y buscas \u201cser\u201d algo.<\/p>\n<p>Un poco de orientaci\u00f3n no viene mal (muchos alumnos <a href=\"http:\/\/www.evasanagustin.com\/workaholic\/2017\/02\/13\/contenidos-reflexiones-sobre-el-departamento-de-contenidos-de-una-empresa\/\">me preguntan<\/a>) y por eso me he fijado en c\u00f3mo tratan <strong>los perfiles relacionados con los contenidos<\/strong> un par de herramientas cuyo objetivo es identificar intereses profesionales. En \u201c<a href=\"http:\/\/www.evasanagustin.com\/plandecontenidos\/\">Plan de contenidos para medios sociales<\/a>\u201d dedico un cap\u00edtulo a los cargos m\u00e1s habituales en <a href=\"http:\/\/www.evasanagustin.com\/workaholic\/2015\/07\/20\/contenidos-el-departamento-de-contenidos-no-existe-en-espana\/\">los departamentos de las empresas<\/a>, pero realmente es dif\u00edcil definir qu\u00e9 estudios son los m\u00e1s cercanos a esta profesi\u00f3n nuestra con tantos matices. Quiz\u00e1 por eso me llama la atenci\u00f3n ver c\u00f3mo clasifican alguno de ellos (y c\u00f3mo orientan a los futuros estudiantes y profesionales).<\/p>\n<p><strong>Ocupaciones m\u00e1s objetivas<\/strong><\/p>\n<p>Empiezo por el \u201c<a href=\"http:\/\/w28.bcn.cat\/___ch___\/_pit\/_app.php?gAppId=pit&amp;gInterfaceLanguage=ct&amp;gEnvironment=singleWebhttp:\/\/w28.bcn.cat\/___ch___\/_pit\/_app.php?gAppId=pit&amp;gInterfaceLanguage=ct&amp;gEnvironment=singleWeb\">Test de intereses profesionales<\/a>\u201d que ofrece Barcelona Activa. Es muy sencillo (solo has de contestar tu grado de inter\u00e9s respecto a las actividades que te proponen) pero un poco largo porque incluye muchas preguntas (algunas se nota a la profesi\u00f3n a la que hacen referencia).<\/p>\n<figure id=\"attachment_9889\" aria-describedby=\"caption-attachment-9889\" style=\"width: 900px\" class=\"wp-caption aligncenter\"><a href=\"http:\/\/w28.bcn.cat\/___ch___\/_pit\/_app.php?gAppId=pit&amp;gInterfaceLanguage=ct&amp;gEnvironment=singleWebhttp:\/\/w28.bcn.cat\/___ch___\/_pit\/_app.php?gAppId=pit&amp;gInterfaceLanguage=ct&amp;gEnvironment=singleWeb\"><img loading=\"lazy\" decoding=\"async\" class=\"wp-image-9889 size-full\" src=\"http:\/\/www.evasanagustin.com\/workaholic\/wp-content\/uploads\/2018\/03\/intereses-profesionales-1.png\" alt=\"\" width=\"900\" height=\"490\" srcset=\"https:\/\/www.evasanagustin.com\/workaholic\/wp-content\/uploads\/2018\/03\/intereses-profesionales-1.png 900w, https:\/\/www.evasanagustin.com\/workaholic\/wp-content\/uploads\/2018\/03\/intereses-profesionales-1-300x163.png 300w, https:\/\/www.evasanagustin.com\/workaholic\/wp-content\/uploads\/2018\/03\/intereses-profesionales-1-768x418.png 768w, https:\/\/www.evasanagustin.com\/workaholic\/wp-content\/uploads\/2018\/03\/intereses-profesionales-1-643x350.png 643w, https:\/\/www.evasanagustin.com\/workaholic\/wp-content\/uploads\/2018\/03\/intereses-profesionales-1-150x82.png 150w\" sizes=\"auto, (max-width: 900px) 100vw, 900px\" \/><\/a><figcaption id=\"caption-attachment-9889\" class=\"wp-caption-text\">Test de Barcelona Activa<\/figcaption><\/figure>\n<p>El resultado es tu perfil seg\u00fan una serie de <strong>campos de inter\u00e9s<\/strong> (en mi caso: art\u00edstico, comunicaci\u00f3n, human\u00edsticos y nuevas tecnolog\u00edas) y las ocupaciones afines a ese perfil, incluyendo el grado de afinidad, el nivel de estudios y las categor\u00edas profesionales asociadas a ellas (ya te digo que mucho t\u00e9cnico y poco directivo, los contenidos siguen en la parte baja de la jerarqu\u00eda).<\/p>\n<p>Desde ah\u00ed podemos conocer m\u00e1s <strong>las profesionales relacionadas con los contenidos<\/strong> como el <a href=\"https:\/\/treball.barcelonactiva.cat\/porta22\/es\/getContentJSP.do?contentId=5329\">periodista digital<\/a>, el <a href=\"https:\/\/treball.barcelonactiva.cat\/porta22\/es\/getContentJSP.do?contentId=4664\">redactor de textos publicitarios<\/a> o incluso el <a href=\"https:\/\/treball.barcelonactiva.cat\/porta22\/es\/getContentJSP.do?contentId=17415\">community manager<\/a> y el <a href=\"https:\/\/treball.barcelonactiva.cat\/porta22\/es\/getContentJSP.do?contentId=17412\">arquitecto de la informaci\u00f3n<\/a>. Tambi\u00e9n se incluyen <a href=\"http:\/\/www.evasanagustin.com\/workaholic\/2016\/11\/14\/contenidos-empleos-en-el-sector-de-los-contenidos-salarios-y-descripcion-de-ofertas\/\">salarios<\/a>, aunque ya se sabe que este tema en diferente en cada empresa (y pa\u00eds).<\/p>\n<p><strong>Ocupaciones m\u00e1s subjetivas<\/strong><\/p>\n<p>Otra v\u00eda para intentar acercar sue\u00f1os y proyectos profesionales\u00a0 es <a href=\"http:\/\/www.educaweb.com\/orientacion\/intereses-profesionales\/\">el GR (Gran Recorrido) de Educaweb<\/a>. El test tiene 5 preguntas organizadas de la siguiente forma:<\/p>\n<ul>\n<li>Empieza con 14 <strong>grupos ocupacionales<\/strong>, siendo \u201ceconom\u00eda y negocios\u201d, \u201chumanidades y ciencias sociales\u201d y \u201ct\u00e9cnica y tecnolog\u00eda\u201d los m\u00e1s relacionados con los contenidos (tendr\u00e1s que elegir 2).<\/li>\n<li>Contin\u00faa pidi\u00e9ndote que elijas 4 de las 16 <strong>asignaturas escolares <\/strong>que enumera, incluyendo \u201clenguaje\u201d e \u201cinform\u00e1tica\u201d.<\/li>\n<li>Despu\u00e9s se centra en <strong>aptitudes y habilidades<\/strong>, tambi\u00e9n a elegir 4 de 16 como \u201cpersuasi\u00f3n\u201d o \u201cling\u00fc\u00edstica\u201d.<\/li>\n<li>Sigue con los <strong>valores ocupacionales<\/strong> que te gustar\u00eda cumplir en el trabajo, 4 de 12 opciones como \u201ccreatividad\u201d.<\/li>\n<li>Termina con una pregunta m\u00e1s larga que llaman inventario de intereses, muy relacionada con el test de Barcelona Activa porque has de valorar 48 <strong>actividades y ocupaciones<\/strong> y 30 <strong>caracter\u00edsticas personales<\/strong>.<\/li>\n<\/ul>\n<figure id=\"attachment_9890\" aria-describedby=\"caption-attachment-9890\" style=\"width: 950px\" class=\"wp-caption aligncenter\"><a href=\"http:\/\/www.educaweb.com\/orientacion\/intereses-profesionales\/\"><img loading=\"lazy\" decoding=\"async\" class=\"wp-image-9890 size-full\" src=\"http:\/\/www.evasanagustin.com\/workaholic\/wp-content\/uploads\/2018\/03\/intereses-profesionales-2.png\" alt=\"\" width=\"950\" height=\"490\" srcset=\"https:\/\/www.evasanagustin.com\/workaholic\/wp-content\/uploads\/2018\/03\/intereses-profesionales-2.png 950w, https:\/\/www.evasanagustin.com\/workaholic\/wp-content\/uploads\/2018\/03\/intereses-profesionales-2-300x155.png 300w, https:\/\/www.evasanagustin.com\/workaholic\/wp-content\/uploads\/2018\/03\/intereses-profesionales-2-768x396.png 768w\" sizes=\"auto, (max-width: 950px) 100vw, 950px\" \/><\/a><figcaption id=\"caption-attachment-9890\" class=\"wp-caption-text\">Test de Educaweb<\/figcaption><\/figure>\n<p>El resultado te da un porcentaje que corresponde al \u201c<strong>grupo ocupacional<\/strong> que m\u00e1s se ajusta con tus caracter\u00edsticas personales seg\u00fan tus respuestas en el inventario de intereses\u201d. Para ver la versi\u00f3n ampliada del resultado, has de registrarte en su web. Eso s\u00ed, te enlazan a la formaci\u00f3n relacionada que hay disponible.<\/p>\n<p><strong>Comparando resultados<\/strong><\/p>\n<p>Yo dir\u00eda que ambos tests me han dado resultados v\u00e1lidos: el de Barcelona Activa me ha confirmado <strong>mi orientaci\u00f3n a los contenidos<\/strong> y el de Educaweb ha servido para reafirmarme en mi decisi\u00f3n de <strong>ser freelance<\/strong>. Afortunadamente, no me ha salido nada extra\u00f1o tipo que deber\u00eda ser veterinaria\u2026 aunque tambi\u00e9n es cierto que me he mojado y he contestado pensando en los extremos (nada de valores medios, todo m\u00ednimo o m\u00e1ximo).<\/p>\n<p>Est\u00e1 claro que son tests para quien a\u00fan no tiene claro hacia d\u00f3nde orientar su vida profesional as\u00ed que no sirve para entrar al detalle de un campo tan <a href=\"http:\/\/www.evasanagustin.com\/workaholic\/2017\/09\/12\/contenidos-por-que-es-tan-dificil-clasificar-a-los-contenidos\/\">espec\u00edfico y complejo<\/a> como son los contenidos (dif\u00edcilmente as\u00ed podr\u00e1s saber si encajar\u00edas m\u00e1s como content editor o como community manager). A\u00fan as\u00ed es un ejercicio interesante para conocerse un poco mejor.<\/p>\n","protected":false},"excerpt":{"rendered":"<p>\u00bfQu\u00e9 quer\u00edas ser cuando empezaste a estudiar? \u00bfHas acabado dedic\u00e1ndote a ello? \u00bfCu\u00e1ntas veces has reorientado tu perfil profesional? Da igual lo que hayas contestado, no tienes de qu\u00e9 avergonzarte: ni por haber cumplido tu sue\u00f1o ni por intentar so\u00f1ar. Responder \u201cqu\u00e9 quieres ser de mayor\u201d cuando \u201cser mayor\u201d parece algo muy lejano puede ser [&hellip;]<\/p>\n","protected":false},"author":1,"featured_media":0,"comment_status":"open","ping_status":"open","sticky":false,"template":"","format":"standard","meta":{"_monsterinsights_skip_tracking":false,"_monsterinsights_sitenote_active":false,"_monsterinsights_sitenote_note":"","_monsterinsights_sitenote_category":0,"site-sidebar-layout":"default","site-content-layout":"","ast-site-content-layout":"default","site-content-style":"default","site-sidebar-style":"default","ast-global-header-display":"","ast-banner-title-visibility":"","ast-main-header-display":"","ast-hfb-above-header-display":"","ast-hfb-below-header-display":"","ast-hfb-mobile-header-display":"","site-post-title":"","ast-breadcrumbs-content":"","ast-featured-img":"","footer-sml-layout":"","ast-disable-related-posts":"","theme-transparent-header-meta":"","adv-header-id-meta":"","stick-header-meta":"","header-above-stick-meta":"","header-main-stick-meta":"","header-below-stick-meta":"","astra-migrate-meta-layouts":"default","ast-page-background-enabled":"default","ast-page-background-meta":{"desktop":{"background-color":"var(--ast-global-color-5)","background-image":"","background-repeat":"repeat","background-position":"center center","background-size":"auto","background-attachment":"scroll","background-type":"","background-media":"","overlay-type":"","overlay-color":"","overlay-opacity":"","overlay-gradient":""},"tablet":{"background-color":"","background-image":"","background-repeat":"repeat","background-position":"center center","background-size":"auto","background-attachment":"scroll","background-type":"","background-media":"","overlay-type":"","overlay-color":"","overlay-opacity":"","overlay-gradient":""},"mobile":{"background-color":"","background-image":"","background-repeat":"repeat","background-position":"center center","background-size":"auto","background-attachment":"scroll","background-type":"","background-media":"","overlay-type":"","overlay-color":"","overlay-opacity":"","overlay-gradient":""}},"ast-content-background-meta":{"desktop":{"background-color":"var(--ast-global-color-4)","background-image":"","background-repeat":"repeat","background-position":"center center","background-size":"auto","background-attachment":"scroll","background-type":"","background-media":"","overlay-type":"","overlay-color":"","overlay-opacity":"","overlay-gradient":""},"tablet":{"background-color":"var(--ast-global-color-4)","background-image":"","background-repeat":"repeat","background-position":"center center","background-size":"auto","background-attachment":"scroll","background-type":"","background-media":"","overlay-type":"","overlay-color":"","overlay-opacity":"","overlay-gradient":""},"mobile":{"background-color":"var(--ast-global-color-4)","background-image":"","background-repeat":"repeat","background-position":"center center","background-size":"auto","background-attachment":"scroll","background-type":"","background-media":"","overlay-type":"","overlay-color":"","overlay-opacity":"","overlay-gradient":""}},"footnotes":""},"categories":[462],"tags":[539,508],"class_list":["post-9888","post","type-post","status-publish","format-standard","hentry","category-mercado-de-contenidos","tag-departamento-de-contenidos","tag-profesion-de-redactor"],"_links":{"self":[{"href":"https:\/\/www.evasanagustin.com\/workaholic\/wp-json\/wp\/v2\/posts\/9888","targetHints":{"allow":["GET"]}}],"collection":[{"href":"https:\/\/www.evasanagustin.com\/workaholic\/wp-json\/wp\/v2\/posts"}],"about":[{"href":"https:\/\/www.evasanagustin.com\/workaholic\/wp-json\/wp\/v2\/types\/post"}],"author":[{"embeddable":true,"href":"https:\/\/www.evasanagustin.com\/workaholic\/wp-json\/wp\/v2\/users\/1"}],"replies":[{"embeddable":true,"href":"https:\/\/www.evasanagustin.com\/workaholic\/wp-json\/wp\/v2\/comments?post=9888"}],"version-history":[{"count":7,"href":"https:\/\/www.evasanagustin.com\/workaholic\/wp-json\/wp\/v2\/posts\/9888\/revisions"}],"predecessor-version":[{"id":16303,"href":"https:\/\/www.evasanagustin.com\/workaholic\/wp-json\/wp\/v2\/posts\/9888\/revisions\/16303"}],"wp:attachment":[{"href":"https:\/\/www.evasanagustin.com\/workaholic\/wp-json\/wp\/v2\/media?parent=9888"}],"wp:term":[{"taxonomy":"category","embeddable":true,"href":"https:\/\/www.evasanagustin.com\/workaholic\/wp-json\/wp\/v2\/categories?post=9888"},{"taxonomy":"post_tag","embeddable":true,"href":"https:\/\/www.evasanagustin.com\/workaholic\/wp-json\/wp\/v2\/tags?post=9888"}],"curies":[{"name":"wp","href":"https:\/\/api.w.org\/{rel}","templated":true}]}}