{"id":98,"date":"2007-03-12T20:28:39","date_gmt":"2007-03-12T19:28:39","guid":{"rendered":"http:\/\/www.evasanagustin.com\/workaholic\/?p=98"},"modified":"2012-12-29T13:11:08","modified_gmt":"2012-12-29T12:11:08","slug":"tv-apuntes-del-barca-madrid","status":"publish","type":"post","link":"https:\/\/www.evasanagustin.com\/workaholic\/2007\/03\/12\/tv-apuntes-del-barca-madrid\/","title":{"rendered":"[TV] Apuntes del Bar\u00e7a-Madrid"},"content":{"rendered":"<p>Televisivamente hablando, el\u00a0Bar\u00e7a-Madrid del pasado s\u00e1bado ha servido para ver las diferentes\u00a0posturas de TV3 y de laSexta frente al partido.<\/p>\n<p><strong>laSexta<\/strong> empez\u00f3 <a href=\"http:\/\/www.youtube.com\/watch?v=6803SodKoJU\" target=\"_blank\">la cuenta atr\u00e1s<\/a> har\u00e1 ya un par de meses (\u00bfcasi con el a\u00f1o nuevo?) y realmente parec\u00eda que iban a hacer un gran despliegue. As\u00ed lo anunciaba <a href=\"http:\/\/www.formulatv.com\/1,20070309,3945,1.html\" target=\"_blank\">Publiseis<\/a>, como la Superbowl. Y no olvidemos que tambi\u00e9n hicieron <a href=\"http:\/\/www.youtube.com\/watch?v=CgYudZIhsBI\" target=\"_blank\">un par de spots<\/a> que levantaron bastante <a href=\"http:\/\/www.evasanagustin.com\/workaholic\/?p=92\">pol\u00e9mica<\/a>.<\/p>\n<p>El partido lo o\u00ed, no se puede decir que lo viese ya que s\u00f3lo miraba la pantalla cada vez que o\u00eda un &#8216;uy&#8217; o uno de los seis &#8216;gol&#8217;. Pero quiz\u00e1 porque <a href=\"http:\/\/www.evasanagustin.com\/workaholic\/?p=97\">hac\u00eda poco<\/a> que hab\u00eda hablado de ello, s\u00f3lo o\u00eda al Montes metiendo con calzador el \u00abQu\u00e9 tienen los hombres en la cabeza\u00bb de H&#038;S as\u00ed que\u00a0coincido totalmente con la <a href=\"http:\/\/www.elperiodico.com\/default.asp?idpublicacio_PK=46&#038;idioma=CAS&#038;idnoticia_PK=387402&#038;idseccio_PK=1029\" target=\"_blank\">cr\u00edtica de hoy<\/a> de Ferran Monegal.<\/p>\n<p>Tambi\u00e9n col\u00f3 un par de veces referencias al \u00abThis is life\u00bb para avisar de que la respuesta a qu\u00e9 era la encontrar\u00edamos en los anuncios entre partes. Y s\u00ed, lo supimos, es Sony aunque no nos quedamos sin cenar por querer saberlo.<\/p>\n<p>Adem\u00e1s de estas frases (m\u00e1s de radio que de tele), vi una enorme red para anunciar\u00a0\u00abSpiderman 3\u00bb y, lo que m\u00e1s gracia me hizo, su \u00abAnten\u00edzate\u00bb (junto al tel\u00e9fono y a la web creada para tal efecto <a href=\"http:\/\/www.antenizate.com\/\">www.antenizate.com<\/a>) siempre presente en la franja superior.<\/p>\n<p>laSexta consigui\u00f3\u00a0un record en sus audiencias con un 44,8%. M\u00e1s de 7 millones de personas vieron su (publicitaria) retransmisi\u00f3n.<\/p>\n<p>Por otro lado, <strong>TV3<\/strong>, la gran\u00a0perdedora de los derechos, tambi\u00e9n es noticia por su programaci\u00f3n. <a href=\"http:\/\/www.diarioadn.com\/tv\/detail.php?id=24547\" target=\"_blank\">Manuel Campo Vidal<\/a> lo comenta amablemente hoy en su columna en el <em>diario adn<\/em> (tambi\u00e9n lleg\u00f3 a Men\u00e9ame el post de <a href=\"http:\/\/riaselagente.blogspot.com\/2007\/03\/servir-de-premonicin.html\" target=\"_blank\">Ande yo caliente&#8230;<\/a>).<\/p>\n<p>Programando la pel\u00edcula \u00abLos blancos no la saben meter\u00bb TV3 se qued\u00f3 en un 6,8%, muy lejos del <a href=\"http:\/\/www.sport.es\/default.asp?idpublicacio_PK=44&#038;idioma=CAS&#038;idnoticia_PK=293300&#038;idseccio_PK=803&#038;h=060404\" target=\"_blank\">67,2%\u00a0del a\u00f1o anterior<\/a>. Sabi\u00e9ndose en desventaja, al menos, un poco de humor.<\/p>\n<p>Aunque en laSexta <a href=\"http:\/\/www.lasexta.com\/Principal\/SeriesYProgramas\/Deportes\/nomedigas.htm\" target=\"_blank\">no se lo crean<\/a>, hay a <a href=\"http:\/\/tvlia.com\/2007\/03\/09\/barca-madrid-programacion-intensiva-en-la-sexta\" target=\"_blank\">quien<\/a> no es fan del futbol.<\/p>\n","protected":false},"excerpt":{"rendered":"<p>Televisivamente hablando, el\u00a0Bar\u00e7a-Madrid del pasado s\u00e1bado ha servido para ver las diferentes\u00a0posturas de TV3 y de laSexta frente al partido. laSexta empez\u00f3 la cuenta atr\u00e1s har\u00e1 ya un par de meses (\u00bfcasi con el a\u00f1o nuevo?) y realmente parec\u00eda que iban a hacer un gran despliegue. As\u00ed lo anunciaba Publiseis, como la Superbowl. Y no [&hellip;]<\/p>\n","protected":false},"author":1,"featured_media":0,"comment_status":"open","ping_status":"open","sticky":false,"template":"","format":"standard","meta":{"_monsterinsights_skip_tracking":false,"_monsterinsights_sitenote_active":false,"_monsterinsights_sitenote_note":"","_monsterinsights_sitenote_category":0,"site-sidebar-layout":"default","site-content-layout":"","ast-site-content-layout":"default","site-content-style":"default","site-sidebar-style":"default","ast-global-header-display":"","ast-banner-title-visibility":"","ast-main-header-display":"","ast-hfb-above-header-display":"","ast-hfb-below-header-display":"","ast-hfb-mobile-header-display":"","site-post-title":"","ast-breadcrumbs-content":"","ast-featured-img":"","footer-sml-layout":"","ast-disable-related-posts":"","theme-transparent-header-meta":"","adv-header-id-meta":"","stick-header-meta":"","header-above-stick-meta":"","header-main-stick-meta":"","header-below-stick-meta":"","astra-migrate-meta-layouts":"default","ast-page-background-enabled":"default","ast-page-background-meta":{"desktop":{"background-color":"var(--ast-global-color-5)","background-image":"","background-repeat":"repeat","background-position":"center center","background-size":"auto","background-attachment":"scroll","background-type":"","background-media":"","overlay-type":"","overlay-color":"","overlay-opacity":"","overlay-gradient":""},"tablet":{"background-color":"","background-image":"","background-repeat":"repeat","background-position":"center center","background-size":"auto","background-attachment":"scroll","background-type":"","background-media":"","overlay-type":"","overlay-color":"","overlay-opacity":"","overlay-gradient":""},"mobile":{"background-color":"","background-image":"","background-repeat":"repeat","background-position":"center center","background-size":"auto","background-attachment":"scroll","background-type":"","background-media":"","overlay-type":"","overlay-color":"","overlay-opacity":"","overlay-gradient":""}},"ast-content-background-meta":{"desktop":{"background-color":"var(--ast-global-color-4)","background-image":"","background-repeat":"repeat","background-position":"center center","background-size":"auto","background-attachment":"scroll","background-type":"","background-media":"","overlay-type":"","overlay-color":"","overlay-opacity":"","overlay-gradient":""},"tablet":{"background-color":"var(--ast-global-color-4)","background-image":"","background-repeat":"repeat","background-position":"center center","background-size":"auto","background-attachment":"scroll","background-type":"","background-media":"","overlay-type":"","overlay-color":"","overlay-opacity":"","overlay-gradient":""},"mobile":{"background-color":"var(--ast-global-color-4)","background-image":"","background-repeat":"repeat","background-position":"center center","background-size":"auto","background-attachment":"scroll","background-type":"","background-media":"","overlay-type":"","overlay-color":"","overlay-opacity":"","overlay-gradient":""}},"footnotes":""},"categories":[2,3],"tags":[13,46,50,51,18],"class_list":["post-98","post","type-post","status-publish","format-standard","hentry","category-publicidad","category-television","tag-audiencias","tag-deporte","tag-futbol","tag-lasexta","tag-tv3"],"_links":{"self":[{"href":"https:\/\/www.evasanagustin.com\/workaholic\/wp-json\/wp\/v2\/posts\/98","targetHints":{"allow":["GET"]}}],"collection":[{"href":"https:\/\/www.evasanagustin.com\/workaholic\/wp-json\/wp\/v2\/posts"}],"about":[{"href":"https:\/\/www.evasanagustin.com\/workaholic\/wp-json\/wp\/v2\/types\/post"}],"author":[{"embeddable":true,"href":"https:\/\/www.evasanagustin.com\/workaholic\/wp-json\/wp\/v2\/users\/1"}],"replies":[{"embeddable":true,"href":"https:\/\/www.evasanagustin.com\/workaholic\/wp-json\/wp\/v2\/comments?post=98"}],"version-history":[{"count":1,"href":"https:\/\/www.evasanagustin.com\/workaholic\/wp-json\/wp\/v2\/posts\/98\/revisions"}],"predecessor-version":[{"id":4827,"href":"https:\/\/www.evasanagustin.com\/workaholic\/wp-json\/wp\/v2\/posts\/98\/revisions\/4827"}],"wp:attachment":[{"href":"https:\/\/www.evasanagustin.com\/workaholic\/wp-json\/wp\/v2\/media?parent=98"}],"wp:term":[{"taxonomy":"category","embeddable":true,"href":"https:\/\/www.evasanagustin.com\/workaholic\/wp-json\/wp\/v2\/categories?post=98"},{"taxonomy":"post_tag","embeddable":true,"href":"https:\/\/www.evasanagustin.com\/workaholic\/wp-json\/wp\/v2\/tags?post=98"}],"curies":[{"name":"wp","href":"https:\/\/api.w.org\/{rel}","templated":true}]}}