{"id":8773,"date":"2017-10-04T19:18:39","date_gmt":"2017-10-04T17:18:39","guid":{"rendered":"http:\/\/www.evasanagustin.com\/workaholic\/?p=8773"},"modified":"2017-10-04T19:34:36","modified_gmt":"2017-10-04T17:34:36","slug":"media-news-s40-a17","status":"publish","type":"post","link":"https:\/\/www.evasanagustin.com\/workaholic\/2017\/10\/04\/media-news-s40-a17\/","title":{"rendered":"Media News S40 A17"},"content":{"rendered":"<p><strong>Televisi\u00f3n<\/strong><br \/>\nRecuerdo que una de las alegr\u00edas de cambiar de televisor 4:3 a uno panor\u00e1mico fue dejar de ver las franjas negras que empeque\u00f1ec\u00edan la imagen. La cosa dur\u00f3 un tiempo porque sigue habiendo pel\u00edculas con formatos que obligan a poner esas franjas negras. Da rabia, pero peor era cuando cortaban a su antojo o nos mareaban haciendo panor\u00e1micas imposibles. Es inc\u00f3modo pero hace poco ca\u00ed en que es algo bueno cuando la mosca del canal y toda su publi inunda la pantalla. As\u00ed fue c\u00f3mo el otro d\u00eda me alegr\u00e9 de ver que la pel\u00edcula se ve\u00eda por completo, sin molestias de ning\u00fan tipo. La alegr\u00eda dur\u00f3 lo mismo que la peli, pero casi estoy deseando que los directores de cine experimenten con formatos a\u00fan m\u00e1s panor\u00e1micos.<\/p>\n<p><strong>Publicidad<\/strong><br \/>\nNo es la primera vez que un spot me recuerda a la cruda realidad pero <a href=\"https:\/\/www.marketingdirecto.com\/marketing-general\/publicidad\/anti-millennial-sobrevive-puede-trabajo-plagado-hipsters-spot\">viendo uno<\/a> protagonizado por un \u00abanti-millennial\u00bb no puedo evitar re\u00edrme porque me reconozco en algunas escenas. Lo curioso es que en unas es por el anti y en otras por el propio millennial. Es lo que tiene ser parte de mi generaci\u00f3n, digamos, algo complicada. Por eso me pregunto qu\u00e9 pasa con los que no se identifican tan r\u00e1pidamente dentro de un target comercial. Claro, se supone que entonces no interesan, \u00bfno? Tampoco nos pasemos&#8230; somos buena gente, de verdad, compramos cosas como cualquier otra. Lo que pasa es que lo hacemos por decisi\u00f3n propia porque nadie nos anima a ello. \u00a1Qu\u00e9 mundo m\u00e1s ideal!<\/p>\n<p><strong>Cine<\/strong><br \/>\nVemos una pel\u00edcula y la mayor\u00eda de las veces no pensamos en los motivos por los que se rod\u00f3. S\u00ed, vale, para hacer dinero. Pero alguien decidi\u00f3 que era un buen momento para contar \u00e9sa historia, para invertir en darla a conocer. Alguien tuvo que creer en ella y convencer a otros para que lo hicieran. Que s\u00ed, que hay mucho de dinero en ello. Pero tambi\u00e9n hay gente comprometida que participa en proyectos que les motiven de alguna manera. Pienso en ello tras leer <a href=\"https:\/\/elpais.com\/cultura\/2017\/10\/03\/actualidad\/1507048277_363070.html\">las declaraciones de Rob Reiner<\/a>: por lo que cuenta, le interesan m\u00e1s los temas pol\u00edticos y lo que llama kardashizaci\u00f3n, aunque la gente le pida que retome sus anteriores \u00e9xitos. Se agradece encontrar a alguien de renombre que entiende el cine como algo social.<\/p>\n<p><strong>Internet<\/strong><br \/>\nLas infograf\u00edas siempre son interesantes de ver, ya sea por el dise\u00f1o gr\u00e1fico, por los datos que se explican solos o por la ausencia de ellos. Viendo <a href=\"http:\/\/infoautonomos.eleconomista.es\/blog\/como-montar-tienda-online-al-menor-coste\/\">la que han publicado en Infoaut\u00f3nomos<\/a>, me pregunto si nadie se ha dado cuenta de que faltan los contenidos: \u00bfpuedes montar una tienda online sin ellos? Claro que no. Eso s\u00ed, la protecci\u00f3n de datos no puedes salt\u00e1rtela, \u00bfverdad? Mientras, recibo un mail del centro de recursos de afiliados de Amazon donde la primera palabra es \u00abmarketing de contenidos\u00bb. \u00bfSer\u00e1 casualidad? Viendo <a href=\"https:\/\/amazon-affiliate.eu\/es\/category\/centro-educativo\/\">lo que han hecho<\/a>, est\u00e1 claro que no. Me gusta la clasificaci\u00f3n tem\u00e1tica y \u00abcontenidos\u00bb es la primera categor\u00eda. \u00a1\u00c9stos de Amazon s\u00ed que saben!<\/p>\n","protected":false},"excerpt":{"rendered":"<p>Televisi\u00f3n Recuerdo que una de las alegr\u00edas de cambiar de televisor 4:3 a uno panor\u00e1mico fue dejar de ver las franjas negras que empeque\u00f1ec\u00edan la imagen. La cosa dur\u00f3 un tiempo porque sigue habiendo pel\u00edculas con formatos que obligan a poner esas franjas negras. Da rabia, pero peor era cuando cortaban a su antojo o [&hellip;]<\/p>\n","protected":false},"author":1,"featured_media":0,"comment_status":"open","ping_status":"open","sticky":false,"template":"","format":"standard","meta":{"_monsterinsights_skip_tracking":false,"_monsterinsights_sitenote_active":false,"_monsterinsights_sitenote_note":"","_monsterinsights_sitenote_category":0,"site-sidebar-layout":"default","site-content-layout":"","ast-site-content-layout":"default","site-content-style":"default","site-sidebar-style":"default","ast-global-header-display":"","ast-banner-title-visibility":"","ast-main-header-display":"","ast-hfb-above-header-display":"","ast-hfb-below-header-display":"","ast-hfb-mobile-header-display":"","site-post-title":"","ast-breadcrumbs-content":"","ast-featured-img":"","footer-sml-layout":"","ast-disable-related-posts":"","theme-transparent-header-meta":"","adv-header-id-meta":"","stick-header-meta":"","header-above-stick-meta":"","header-main-stick-meta":"","header-below-stick-meta":"","astra-migrate-meta-layouts":"default","ast-page-background-enabled":"default","ast-page-background-meta":{"desktop":{"background-color":"var(--ast-global-color-5)","background-image":"","background-repeat":"repeat","background-position":"center center","background-size":"auto","background-attachment":"scroll","background-type":"","background-media":"","overlay-type":"","overlay-color":"","overlay-opacity":"","overlay-gradient":""},"tablet":{"background-color":"","background-image":"","background-repeat":"repeat","background-position":"center center","background-size":"auto","background-attachment":"scroll","background-type":"","background-media":"","overlay-type":"","overlay-color":"","overlay-opacity":"","overlay-gradient":""},"mobile":{"background-color":"","background-image":"","background-repeat":"repeat","background-position":"center center","background-size":"auto","background-attachment":"scroll","background-type":"","background-media":"","overlay-type":"","overlay-color":"","overlay-opacity":"","overlay-gradient":""}},"ast-content-background-meta":{"desktop":{"background-color":"var(--ast-global-color-4)","background-image":"","background-repeat":"repeat","background-position":"center center","background-size":"auto","background-attachment":"scroll","background-type":"","background-media":"","overlay-type":"","overlay-color":"","overlay-opacity":"","overlay-gradient":""},"tablet":{"background-color":"var(--ast-global-color-4)","background-image":"","background-repeat":"repeat","background-position":"center center","background-size":"auto","background-attachment":"scroll","background-type":"","background-media":"","overlay-type":"","overlay-color":"","overlay-opacity":"","overlay-gradient":""},"mobile":{"background-color":"var(--ast-global-color-4)","background-image":"","background-repeat":"repeat","background-position":"center center","background-size":"auto","background-attachment":"scroll","background-type":"","background-media":"","overlay-type":"","overlay-color":"","overlay-opacity":"","overlay-gradient":""}},"footnotes":""},"categories":[4,5,2,3],"tags":[433,310,230,23],"class_list":["post-8773","post","type-post","status-publish","format-standard","hentry","category-cine","category-internet","category-publicidad","category-television","tag-amazon","tag-guion-de-cine","tag-pasado-vs-futuro","tag-televisores"],"_links":{"self":[{"href":"https:\/\/www.evasanagustin.com\/workaholic\/wp-json\/wp\/v2\/posts\/8773","targetHints":{"allow":["GET"]}}],"collection":[{"href":"https:\/\/www.evasanagustin.com\/workaholic\/wp-json\/wp\/v2\/posts"}],"about":[{"href":"https:\/\/www.evasanagustin.com\/workaholic\/wp-json\/wp\/v2\/types\/post"}],"author":[{"embeddable":true,"href":"https:\/\/www.evasanagustin.com\/workaholic\/wp-json\/wp\/v2\/users\/1"}],"replies":[{"embeddable":true,"href":"https:\/\/www.evasanagustin.com\/workaholic\/wp-json\/wp\/v2\/comments?post=8773"}],"version-history":[{"count":4,"href":"https:\/\/www.evasanagustin.com\/workaholic\/wp-json\/wp\/v2\/posts\/8773\/revisions"}],"predecessor-version":[{"id":8781,"href":"https:\/\/www.evasanagustin.com\/workaholic\/wp-json\/wp\/v2\/posts\/8773\/revisions\/8781"}],"wp:attachment":[{"href":"https:\/\/www.evasanagustin.com\/workaholic\/wp-json\/wp\/v2\/media?parent=8773"}],"wp:term":[{"taxonomy":"category","embeddable":true,"href":"https:\/\/www.evasanagustin.com\/workaholic\/wp-json\/wp\/v2\/categories?post=8773"},{"taxonomy":"post_tag","embeddable":true,"href":"https:\/\/www.evasanagustin.com\/workaholic\/wp-json\/wp\/v2\/tags?post=8773"}],"curies":[{"name":"wp","href":"https:\/\/api.w.org\/{rel}","templated":true}]}}