{"id":79,"date":"2007-02-19T21:28:38","date_gmt":"2007-02-19T20:28:38","guid":{"rendered":"http:\/\/www.evasanagustin.com\/workaholic\/?p=79"},"modified":"2007-07-30T23:09:17","modified_gmt":"2007-07-30T21:09:17","slug":"tv-la-television-del-2006-ii","status":"publish","type":"post","link":"https:\/\/www.evasanagustin.com\/workaholic\/2007\/02\/19\/tv-la-television-del-2006-ii\/","title":{"rendered":"[TV] La televisi\u00f3n del 2006 (II)"},"content":{"rendered":"<p>Casi van a hacer 3 meses que se acab\u00f3 el 2006 y a\u00fan nos llegan datos de <strong>c\u00f3mo fue la televisi\u00f3n el a\u00f1o pasado<\/strong>. Hoy en <em>La Vanguardia<\/em> van coleando todav\u00eda\u00a0datos del <a href=\"http:\/\/www.geca.es\/geca\/anuario200506\/elAnuario200506.htm?subject=Anuario%202005\/06\" target=\"_blank\">Anuario de la televisi\u00f3n<\/a> de GECA.<\/p>\n<p>Es momento de recopilar apuntes (junto con la fuente para ampliar ya que el precio de la informaci\u00f3n de\u00a0GECA es\u00a0de 360\u20ac):<\/p>\n<ul>\n<li>Datos sociol\u00f3gicos de la audiencia de las cadenas (GECA en <em><a href=\"http:\/\/www.elpais.com\/articulo\/radio\/television\/Television\/mujeres\/clase\/media\/elpeputec\/20070213elpepirtv_2\/Tes\" target=\"_blank\">El Pa\u00eds<\/a><\/em>).\u00a0laSexta para hombres (\u00bfser\u00e1 por el Mundial?) y Cuatro para mujeres (\u00bfser\u00e1 por \u00abHouse\u00bb?).<\/li>\n<li>8% de media en\u00a0reposiciones (GECA en <em><a href=\"http:\/\/www.eldiariomontanes.es\/prensa\/20070207\/television\/cadenas-duplicaron-2006-tiempo_20070207.html\" target=\"_blank\">El Diario Monta\u00f1\u00e9s<\/a><\/em>):\u00a0TeleCinco muy por delante del resto (2 dos nuevos cap\u00edtulos de \u00abCSI\u00bb antes de 2 repetidos). La idea es aprovechar lo que funciona, \u00bfy qu\u00e9 hay de mejorar?<\/li>\n<li>28,3% de la programaci\u00f3n fue creada por productoras ajenas a la cadena (GECA en <em><a href=\"http:\/\/www.larazon.es\/noticias\/noti_tele15564.htm\" target=\"_blank\">La Raz\u00f3n<\/a><\/em>).<\/li>\n<li>laSexta triplica su share en TDT comparado con la televisi\u00f3n anal\u00f3gica y Antena3 Neox es la m\u00e1s vista (GECA en <a href=\"http:\/\/www.prnoticias.com\/prn\/hojas\/noticias\/detallenoticia.jsp?noticia=30967&#038;repositorio=0&#038;pagina=1&#038;idapr=1__esp_1__\" target=\"_blank\">PRNoticias<\/a>).<\/li>\n<li>9,1% de la programaci\u00f3n se dedica al cine, lejos del 24% de hace 11 a\u00f1os\u00a0(GECA en <a href=\"http:\/\/www.vertele.com\/noticias\/detail.php?id=14611\" target=\"_blank\">Vertele<\/a>).<\/li>\n<\/ul>\n<p>Tambi\u00e9n publican hoy en <em><a href=\"http:\/\/www.elperiodico.com\/default.asp?idpublicacio_PK=46&#038;idioma=CAS&#038;idnoticia_PK=381238&#038;idseccio_PK=1029\" target=\"_blank\">El Peri\u00f3dico<\/a>,<\/em> <a href=\"http:\/\/www.elmundo.es\/elmundo\/2007\/02\/19\/comunicacion\/1171887736.html\" target=\"_blank\"><em>El<\/em><em> Mundo<\/em><\/a>\u00a0y <a href=\"http:\/\/www.vertele.com\/noticias\/detail.php?id=14728\" target=\"_blank\">Vertele<\/a> la nota sobre el estudio del Observatorio Iberoamericano de la Televisi\u00f3n (Obitel) aparecido en la revista de la Academia de la Televisi\u00f3n:<\/p>\n<ul>\n<li>371\u00a0horas semanales de series:\u00a0fidelizaci\u00f3n y menor coste.\u00a0<\/li>\n<li>185 horas de producciones norteamericanas.<\/li>\n<li>Tiempo respecto a la programaci\u00f3n total: 11,1%.<\/li>\n<\/ul>\n<p>Y ayer datos de la contraprogramaci\u00f3n de las cadenas entre octubre y diciembre 2006 proporcionados por la Asociaci\u00f3n de Usuarios de la Comunicaci\u00f3n (AUC) aparecidos en <em><a href=\"http:\/\/www.elperiodico.com\/default.asp?idpublicacio_PK=46&#038;idioma=CAS&#038;idnoticia_PK=381049&#038;idseccio_PK=1029&#038;h=\" target=\"_blank\">El Peri\u00f3dico<\/a><\/em> y en <a href=\"http:\/\/www.prnoticias.com\/prn\/hojas\/noticias\/detallenoticia.jsp?noticia=32054&#038;repositorio=0&#038;pagina=1&#038;idapr=1__esp_1__\" target=\"_blank\">PRNoticias<\/a>.\u00a0TeleCinco fue <a href=\"http:\/\/www.elperiodico.com\/EDICION\/ED070218\/CAS\/CARP01\/PDF\/g008dR03.PDF\" target=\"_blank\">la \u00fanica<\/a> que cumpli\u00f3 con los 3 d\u00edas de aviso.<\/p>\n<p>Anteriormente&#8230; <a href=\"http:\/\/downloadingmassmedia.blogspot.com\/2006\/12\/tv-la-televisin-del-2006.html\">la televisi\u00f3n del 2006 (I)<\/a>.<\/p>\n","protected":false},"excerpt":{"rendered":"<p>Casi van a hacer 3 meses que se acab\u00f3 el 2006 y a\u00fan nos llegan datos de c\u00f3mo fue la televisi\u00f3n el a\u00f1o pasado. Hoy en La Vanguardia van coleando todav\u00eda\u00a0datos del Anuario de la televisi\u00f3n de GECA. Es momento de recopilar apuntes (junto con la fuente para ampliar ya que el precio de la [&hellip;]<\/p>\n","protected":false},"author":1,"featured_media":0,"comment_status":"open","ping_status":"open","sticky":false,"template":"","format":"standard","meta":{"_monsterinsights_skip_tracking":false,"_monsterinsights_sitenote_active":false,"_monsterinsights_sitenote_note":"","_monsterinsights_sitenote_category":0,"site-sidebar-layout":"default","site-content-layout":"","ast-site-content-layout":"default","site-content-style":"default","site-sidebar-style":"default","ast-global-header-display":"","ast-banner-title-visibility":"","ast-main-header-display":"","ast-hfb-above-header-display":"","ast-hfb-below-header-display":"","ast-hfb-mobile-header-display":"","site-post-title":"","ast-breadcrumbs-content":"","ast-featured-img":"","footer-sml-layout":"","ast-disable-related-posts":"","theme-transparent-header-meta":"","adv-header-id-meta":"","stick-header-meta":"","header-above-stick-meta":"","header-main-stick-meta":"","header-below-stick-meta":"","astra-migrate-meta-layouts":"default","ast-page-background-enabled":"default","ast-page-background-meta":{"desktop":{"background-color":"var(--ast-global-color-5)","background-image":"","background-repeat":"repeat","background-position":"center center","background-size":"auto","background-attachment":"scroll","background-type":"","background-media":"","overlay-type":"","overlay-color":"","overlay-opacity":"","overlay-gradient":""},"tablet":{"background-color":"","background-image":"","background-repeat":"repeat","background-position":"center center","background-size":"auto","background-attachment":"scroll","background-type":"","background-media":"","overlay-type":"","overlay-color":"","overlay-opacity":"","overlay-gradient":""},"mobile":{"background-color":"","background-image":"","background-repeat":"repeat","background-position":"center center","background-size":"auto","background-attachment":"scroll","background-type":"","background-media":"","overlay-type":"","overlay-color":"","overlay-opacity":"","overlay-gradient":""}},"ast-content-background-meta":{"desktop":{"background-color":"var(--ast-global-color-4)","background-image":"","background-repeat":"repeat","background-position":"center center","background-size":"auto","background-attachment":"scroll","background-type":"","background-media":"","overlay-type":"","overlay-color":"","overlay-opacity":"","overlay-gradient":""},"tablet":{"background-color":"var(--ast-global-color-4)","background-image":"","background-repeat":"repeat","background-position":"center center","background-size":"auto","background-attachment":"scroll","background-type":"","background-media":"","overlay-type":"","overlay-color":"","overlay-opacity":"","overlay-gradient":""},"mobile":{"background-color":"var(--ast-global-color-4)","background-image":"","background-repeat":"repeat","background-position":"center center","background-size":"auto","background-attachment":"scroll","background-type":"","background-media":"","overlay-type":"","overlay-color":"","overlay-opacity":"","overlay-gradient":""}},"footnotes":""},"categories":[3],"tags":[13,92,225,68,78,52],"class_list":["post-79","post","type-post","status-publish","format-standard","hentry","category-television","tag-audiencias","tag-consumo-televisivo","tag-csi","tag-series-de-television","tag-tdt","tag-telespectadores"],"_links":{"self":[{"href":"https:\/\/www.evasanagustin.com\/workaholic\/wp-json\/wp\/v2\/posts\/79","targetHints":{"allow":["GET"]}}],"collection":[{"href":"https:\/\/www.evasanagustin.com\/workaholic\/wp-json\/wp\/v2\/posts"}],"about":[{"href":"https:\/\/www.evasanagustin.com\/workaholic\/wp-json\/wp\/v2\/types\/post"}],"author":[{"embeddable":true,"href":"https:\/\/www.evasanagustin.com\/workaholic\/wp-json\/wp\/v2\/users\/1"}],"replies":[{"embeddable":true,"href":"https:\/\/www.evasanagustin.com\/workaholic\/wp-json\/wp\/v2\/comments?post=79"}],"version-history":[{"count":0,"href":"https:\/\/www.evasanagustin.com\/workaholic\/wp-json\/wp\/v2\/posts\/79\/revisions"}],"wp:attachment":[{"href":"https:\/\/www.evasanagustin.com\/workaholic\/wp-json\/wp\/v2\/media?parent=79"}],"wp:term":[{"taxonomy":"category","embeddable":true,"href":"https:\/\/www.evasanagustin.com\/workaholic\/wp-json\/wp\/v2\/categories?post=79"},{"taxonomy":"post_tag","embeddable":true,"href":"https:\/\/www.evasanagustin.com\/workaholic\/wp-json\/wp\/v2\/tags?post=79"}],"curies":[{"name":"wp","href":"https:\/\/api.w.org\/{rel}","templated":true}]}}