{"id":77,"date":"2007-02-17T09:28:07","date_gmt":"2007-02-17T08:28:07","guid":{"rendered":"http:\/\/www.evasanagustin.com\/workaholic\/?p=77"},"modified":"2007-02-17T09:31:18","modified_gmt":"2007-02-17T08:31:18","slug":"tv-mas-o-menos-que-ayer","status":"publish","type":"post","link":"https:\/\/www.evasanagustin.com\/workaholic\/2007\/02\/17\/tv-mas-o-menos-que-ayer\/","title":{"rendered":"[TV] M\u00e1s o menos que ayer"},"content":{"rendered":"<p>En su columna <em>T\u00fa y yo somos tres<\/em> en <em>El Peri\u00f3dico<\/em> de ayer, Ferran Monegal hablaba de \u00abBuenafuente\u00bb y del Cupido que interpret\u00f3 el d\u00eda anterior\u00a0Ferm\u00ed Fern\u00e1ndez.<\/p>\n<p>Por lo visto se trataba de un \u00ab<em>angelote borracho amorrado a una petaca de alcohol<\/em>\u00bb aunque no es eso lo que m\u00e1s me interesa de su cr\u00edtica. Monegal aplica la conocida frase (\u00bfquiz\u00e1 en desuso?) de San Valent\u00edn \u00abHoy te quiero m\u00e1s que ayer pero menos que ma\u00f1ana\u00bb a la televisi\u00f3n.<\/p>\n<p>\u00ab<em><strong>Cualquier programa de hoy es peor que el de ayer, pero mejor que el de ma\u00f1ana<\/strong><\/em>\u00ab.<\/p>\n<p>Quiz\u00e1 por ser d\u00edas en que los corazones est\u00e1n en todas partes, no he podido pensar en los programas de cr\u00f3nica rosa (aunque me atrevo a decir que es aplicable a cualquiera) y recordar la vi\u00f1eta aparecida en La Nueva Espa\u00f1a el pasado 11 de enero.<\/p>\n<p><img decoding=\"async\" class=\"centered\" src=\"http:\/\/www.evasanagustin.com\/workaholic\/wp-content\/uploads\/2007\/02\/nuevaespana_110207.jpg\" \/><\/p>\n<p>\u00bfEs posible una televisi\u00f3n mejor?<\/p>\n","protected":false},"excerpt":{"rendered":"<p>En su columna T\u00fa y yo somos tres en El Peri\u00f3dico de ayer, Ferran Monegal hablaba de \u00abBuenafuente\u00bb y del Cupido que interpret\u00f3 el d\u00eda anterior\u00a0Ferm\u00ed Fern\u00e1ndez. Por lo visto se trataba de un \u00abangelote borracho amorrado a una petaca de alcohol\u00bb aunque no es eso lo que m\u00e1s me interesa de su cr\u00edtica. Monegal [&hellip;]<\/p>\n","protected":false},"author":1,"featured_media":0,"comment_status":"open","ping_status":"open","sticky":false,"template":"","format":"standard","meta":{"_monsterinsights_skip_tracking":false,"_monsterinsights_sitenote_active":false,"_monsterinsights_sitenote_note":"","_monsterinsights_sitenote_category":0,"site-sidebar-layout":"default","site-content-layout":"","ast-site-content-layout":"default","site-content-style":"default","site-sidebar-style":"default","ast-global-header-display":"","ast-banner-title-visibility":"","ast-main-header-display":"","ast-hfb-above-header-display":"","ast-hfb-below-header-display":"","ast-hfb-mobile-header-display":"","site-post-title":"","ast-breadcrumbs-content":"","ast-featured-img":"","footer-sml-layout":"","ast-disable-related-posts":"","theme-transparent-header-meta":"","adv-header-id-meta":"","stick-header-meta":"","header-above-stick-meta":"","header-main-stick-meta":"","header-below-stick-meta":"","astra-migrate-meta-layouts":"default","ast-page-background-enabled":"default","ast-page-background-meta":{"desktop":{"background-color":"var(--ast-global-color-5)","background-image":"","background-repeat":"repeat","background-position":"center center","background-size":"auto","background-attachment":"scroll","background-type":"","background-media":"","overlay-type":"","overlay-color":"","overlay-opacity":"","overlay-gradient":""},"tablet":{"background-color":"","background-image":"","background-repeat":"repeat","background-position":"center center","background-size":"auto","background-attachment":"scroll","background-type":"","background-media":"","overlay-type":"","overlay-color":"","overlay-opacity":"","overlay-gradient":""},"mobile":{"background-color":"","background-image":"","background-repeat":"repeat","background-position":"center center","background-size":"auto","background-attachment":"scroll","background-type":"","background-media":"","overlay-type":"","overlay-color":"","overlay-opacity":"","overlay-gradient":""}},"ast-content-background-meta":{"desktop":{"background-color":"var(--ast-global-color-4)","background-image":"","background-repeat":"repeat","background-position":"center center","background-size":"auto","background-attachment":"scroll","background-type":"","background-media":"","overlay-type":"","overlay-color":"","overlay-opacity":"","overlay-gradient":""},"tablet":{"background-color":"var(--ast-global-color-4)","background-image":"","background-repeat":"repeat","background-position":"center center","background-size":"auto","background-attachment":"scroll","background-type":"","background-media":"","overlay-type":"","overlay-color":"","overlay-opacity":"","overlay-gradient":""},"mobile":{"background-color":"var(--ast-global-color-4)","background-image":"","background-repeat":"repeat","background-position":"center center","background-size":"auto","background-attachment":"scroll","background-type":"","background-media":"","overlay-type":"","overlay-color":"","overlay-opacity":"","overlay-gradient":""}},"footnotes":""},"categories":[3],"tags":[79,35,25,80],"class_list":["post-77","post","type-post","status-publish","format-standard","hentry","category-television","tag-calidad-de-los-medios","tag-historia-de-la-television","tag-humor","tag-telebasura"],"_links":{"self":[{"href":"https:\/\/www.evasanagustin.com\/workaholic\/wp-json\/wp\/v2\/posts\/77","targetHints":{"allow":["GET"]}}],"collection":[{"href":"https:\/\/www.evasanagustin.com\/workaholic\/wp-json\/wp\/v2\/posts"}],"about":[{"href":"https:\/\/www.evasanagustin.com\/workaholic\/wp-json\/wp\/v2\/types\/post"}],"author":[{"embeddable":true,"href":"https:\/\/www.evasanagustin.com\/workaholic\/wp-json\/wp\/v2\/users\/1"}],"replies":[{"embeddable":true,"href":"https:\/\/www.evasanagustin.com\/workaholic\/wp-json\/wp\/v2\/comments?post=77"}],"version-history":[{"count":0,"href":"https:\/\/www.evasanagustin.com\/workaholic\/wp-json\/wp\/v2\/posts\/77\/revisions"}],"wp:attachment":[{"href":"https:\/\/www.evasanagustin.com\/workaholic\/wp-json\/wp\/v2\/media?parent=77"}],"wp:term":[{"taxonomy":"category","embeddable":true,"href":"https:\/\/www.evasanagustin.com\/workaholic\/wp-json\/wp\/v2\/categories?post=77"},{"taxonomy":"post_tag","embeddable":true,"href":"https:\/\/www.evasanagustin.com\/workaholic\/wp-json\/wp\/v2\/tags?post=77"}],"curies":[{"name":"wp","href":"https:\/\/api.w.org\/{rel}","templated":true}]}}