{"id":6567,"date":"2015-02-25T12:08:35","date_gmt":"2015-02-25T11:08:35","guid":{"rendered":"http:\/\/www.evasanagustin.com\/workaholic\/?p=6567"},"modified":"2015-02-25T15:31:33","modified_gmt":"2015-02-25T14:31:33","slug":"media-news-s09-a15","status":"publish","type":"post","link":"https:\/\/www.evasanagustin.com\/workaholic\/2015\/02\/25\/media-news-s09-a15\/","title":{"rendered":"Media News S09 A15"},"content":{"rendered":"<p><strong>Cine<\/strong><br \/>\nEl tema de estos d\u00edas son los Oscars, claro. Este a\u00f1o, me he dejado guiar por lo que ha sido TT y as\u00ed he ido conociendo los momentos estelares y algunos premios. Igual que pas\u00f3 en los Goya, hab\u00eda gente que se quejaba de cierto aburrimiento y, como en cualquier gala, las reivindicaciones no gustaron a todos los p\u00fablicos. Y luego est\u00e1 eso de lucir ropa, pareja o maquillaje. Millones de ojos mirando, escuchando&#8230; algunos medio dormidos a ciertas horas, tambi\u00e9n es verdad. Pero con tanta gente atenta a lo que dices, hay que aprovecharlo: \u00bfc\u00f3mo perder la oportunidad de decir lo que piensas? Se supone que tambi\u00e9n puedes decirlo en cualquier otra entrevista promocional pero entonces podr\u00edas da\u00f1ar la pel\u00edcula. En unos premios as\u00ed, eres t\u00fa frente a la opini\u00f3n p\u00fablica.<\/p>\n<p><strong>Televisi\u00f3n<\/strong><br \/>\nUna programaci\u00f3n de 2h al d\u00eda, vista en salones con otras 20 personas y, si no te gusta lo que ponen, puedes escribir a la cadena para quejarte. \u00bfTe lo imaginas? Si te digo que eso pasaba en <a href=\"http:\/\/www.ww2freak.com\/index.php\/la-television-del-tercer-reich\/\">la televisi\u00f3n de 1938<\/a> supongo que ser\u00e1 m\u00e1s f\u00e1cil que lo creas. Ahora la tele es muy diferente, claro: 24h sin interrupci\u00f3n, solo para ti en la pantalla de tu m\u00f3vil y tuiteando directamente a la cadena, los actores y quien sea para contar lo que est\u00e1s viendo. Era otra \u00e9poca, m\u00e1s estando en Alemania. La de ahora es tan diferente que nos hemos olvidado de valorarla como lo que se supone es: un canal de comunicaci\u00f3n donde informarse y no desinformarse, donde entretenerse y no aburrirse, donde educarse y no asustarse de la fauna televisiva.<\/p>\n<p><strong>Publicidad<\/strong><br \/>\nS\u00ed, cada d\u00eda vemos miles de marcas pero hay algunas con las que nunca nos toparemos. Y ya no porque sean de otros pa\u00edses, sencillamente porque no participan de nuestro d\u00eda a d\u00eda. Por eso me gusta ver sus anuncios, aunque no sea su target. Me parece interesante como ejercicio comparativo porque no suelen ser marcas de gran consumo precisamente y por eso est\u00e1n m\u00e1s alejadas de convencionalismos. Esta reflexi\u00f3n viene por encontrarme en Publizia con una compa\u00f1\u00eda de transporte que <a href=\"http:\/\/publizia.org\/2015\/02\/19\/welti-furrer\/\">lleva obras de arte<\/a>. No es un servicio con el que cualquiera pueda encontrarse f\u00e1cilmente en su d\u00eda a d\u00eda, \u00bfverdad? Pero tambi\u00e9n hacen mudanzas y eso s\u00ed que incluye piezas que queremos cuidar como si fuesen de museo a museo.<\/p>\n<p><strong>Internet<\/strong><br \/>\nAndo estos d\u00edas revisando mis listas de Twitter y mi Feedly para a\u00f1adir algunas cuentas y blogs interesantes y tambi\u00e9n para quitar algunos que me aportan menos. En algunos casos, estoy quitando el follow y a\u00f1adiendo el feed porque me interesa m\u00e1s la parte profesional que la personal. Pero me he encontrado con <a href=\"https:\/\/twitter.com\/evasanagustin\/status\/570534800446128130\">un caso curioso<\/a>: un blog que tiene bloqueado el feed. Lo entiendo en el caso de p\u00e1ginas web hechas con WordPress pero, \u00bfqu\u00e9 sentido tiene hacerlo en un blog? La respuesta sencilla es que ofrecen la suscripci\u00f3n por correo electr\u00f3nico. Una l\u00e1stima no entender el medio en el que te mueves y donde, por cierto, ellos adem\u00e1s venden servicios.<\/p>\n","protected":false},"excerpt":{"rendered":"<p>Cine El tema de estos d\u00edas son los Oscars, claro. Este a\u00f1o, me he dejado guiar por lo que ha sido TT y as\u00ed he ido conociendo los momentos estelares y algunos premios. Igual que pas\u00f3 en los Goya, hab\u00eda gente que se quejaba de cierto aburrimiento y, como en cualquier gala, las reivindicaciones no [&hellip;]<\/p>\n","protected":false},"author":1,"featured_media":0,"comment_status":"open","ping_status":"open","sticky":false,"template":"","format":"standard","meta":{"_monsterinsights_skip_tracking":false,"_monsterinsights_sitenote_active":false,"_monsterinsights_sitenote_note":"","_monsterinsights_sitenote_category":0,"site-sidebar-layout":"default","site-content-layout":"","ast-site-content-layout":"default","site-content-style":"default","site-sidebar-style":"default","ast-global-header-display":"","ast-banner-title-visibility":"","ast-main-header-display":"","ast-hfb-above-header-display":"","ast-hfb-below-header-display":"","ast-hfb-mobile-header-display":"","site-post-title":"","ast-breadcrumbs-content":"","ast-featured-img":"","footer-sml-layout":"","ast-disable-related-posts":"","theme-transparent-header-meta":"","adv-header-id-meta":"","stick-header-meta":"","header-above-stick-meta":"","header-main-stick-meta":"","header-below-stick-meta":"","astra-migrate-meta-layouts":"default","ast-page-background-enabled":"default","ast-page-background-meta":{"desktop":{"background-color":"var(--ast-global-color-5)","background-image":"","background-repeat":"repeat","background-position":"center center","background-size":"auto","background-attachment":"scroll","background-type":"","background-media":"","overlay-type":"","overlay-color":"","overlay-opacity":"","overlay-gradient":""},"tablet":{"background-color":"","background-image":"","background-repeat":"repeat","background-position":"center center","background-size":"auto","background-attachment":"scroll","background-type":"","background-media":"","overlay-type":"","overlay-color":"","overlay-opacity":"","overlay-gradient":""},"mobile":{"background-color":"","background-image":"","background-repeat":"repeat","background-position":"center center","background-size":"auto","background-attachment":"scroll","background-type":"","background-media":"","overlay-type":"","overlay-color":"","overlay-opacity":"","overlay-gradient":""}},"ast-content-background-meta":{"desktop":{"background-color":"var(--ast-global-color-4)","background-image":"","background-repeat":"repeat","background-position":"center center","background-size":"auto","background-attachment":"scroll","background-type":"","background-media":"","overlay-type":"","overlay-color":"","overlay-opacity":"","overlay-gradient":""},"tablet":{"background-color":"var(--ast-global-color-4)","background-image":"","background-repeat":"repeat","background-position":"center center","background-size":"auto","background-attachment":"scroll","background-type":"","background-media":"","overlay-type":"","overlay-color":"","overlay-opacity":"","overlay-gradient":""},"mobile":{"background-color":"var(--ast-global-color-4)","background-image":"","background-repeat":"repeat","background-position":"center center","background-size":"auto","background-attachment":"scroll","background-type":"","background-media":"","overlay-type":"","overlay-color":"","overlay-opacity":"","overlay-gradient":""}},"footnotes":""},"categories":[4,5,2,3],"tags":[124,108,100,35,67,69],"class_list":["post-6567","post","type-post","status-publish","format-standard","hentry","category-cine","category-internet","category-publicidad","category-television","tag-blogosfera","tag-creatividad-en-publicidad","tag-feeds","tag-historia-de-la-television","tag-oscars","tag-premios-de-cine"],"_links":{"self":[{"href":"https:\/\/www.evasanagustin.com\/workaholic\/wp-json\/wp\/v2\/posts\/6567","targetHints":{"allow":["GET"]}}],"collection":[{"href":"https:\/\/www.evasanagustin.com\/workaholic\/wp-json\/wp\/v2\/posts"}],"about":[{"href":"https:\/\/www.evasanagustin.com\/workaholic\/wp-json\/wp\/v2\/types\/post"}],"author":[{"embeddable":true,"href":"https:\/\/www.evasanagustin.com\/workaholic\/wp-json\/wp\/v2\/users\/1"}],"replies":[{"embeddable":true,"href":"https:\/\/www.evasanagustin.com\/workaholic\/wp-json\/wp\/v2\/comments?post=6567"}],"version-history":[{"count":2,"href":"https:\/\/www.evasanagustin.com\/workaholic\/wp-json\/wp\/v2\/posts\/6567\/revisions"}],"predecessor-version":[{"id":6569,"href":"https:\/\/www.evasanagustin.com\/workaholic\/wp-json\/wp\/v2\/posts\/6567\/revisions\/6569"}],"wp:attachment":[{"href":"https:\/\/www.evasanagustin.com\/workaholic\/wp-json\/wp\/v2\/media?parent=6567"}],"wp:term":[{"taxonomy":"category","embeddable":true,"href":"https:\/\/www.evasanagustin.com\/workaholic\/wp-json\/wp\/v2\/categories?post=6567"},{"taxonomy":"post_tag","embeddable":true,"href":"https:\/\/www.evasanagustin.com\/workaholic\/wp-json\/wp\/v2\/tags?post=6567"}],"curies":[{"name":"wp","href":"https:\/\/api.w.org\/{rel}","templated":true}]}}