{"id":6276,"date":"2014-10-04T09:38:29","date_gmt":"2014-10-04T07:38:29","guid":{"rendered":"http:\/\/www.evasanagustin.com\/workaholic\/?p=6276"},"modified":"2018-05-01T12:23:59","modified_gmt":"2018-05-01T10:23:59","slug":"contenidos-confabeu-2014-evento-en-barcelona-sobre-estrategia-de-contenidos","status":"publish","type":"post","link":"https:\/\/www.evasanagustin.com\/workaholic\/2014\/10\/04\/contenidos-confabeu-2014-evento-en-barcelona-sobre-estrategia-de-contenidos\/","title":{"rendered":"[Contenidos] ConfabEU 2014, evento en Barcelona sobre estrategia de contenidos"},"content":{"rendered":"<figure style=\"width: 206px\" class=\"wp-caption alignright\"><a href=\"https:\/\/twitter.com\/evasanagustin\/status\/516843312779902976\"><img loading=\"lazy\" decoding=\"async\" src=\"https:\/\/pbs.twimg.com\/media\/BywyPb_CUAA2Dls.jpg:large\" alt=\"Acreditada para el ConfabEU 2014 Barcelona\" width=\"206\" height=\"365\" \/><\/a><figcaption class=\"wp-caption-text\">ConfabEU 2014 Barcelona<\/figcaption><\/figure>\n<p>Esta semana ha tenido lugar en Barcelona <strong>el evento de referencia en lo que a estrategia de contenidos se refiere<\/strong>: <a href=\"http:\/\/confabevents.com\/events\/europe\/\">el Confab, edici\u00f3n Europa<\/a>. El a\u00f1o pasado se celebr\u00f3 por primera vez en Londres, pero no puede ir (aunque estuve atenta a lo que se tuiteaba y hasta <a title=\"[Contenidos] Confab London 2013\" href=\"http:\/\/www.evasanagustin.com\/workaholic\/2013\/03\/26\/contenidos-confab-london-2013\/\">hice resumen<\/a>). As\u00ed que cuando supe que <a href=\"http:\/\/www.meetup.com\/Content-Strategy-Barcelona\/\">el MeetUp de Content Strategists de Barcelona<\/a> hac\u00eda campa\u00f1a para lograr que fu\u00e9semos sede del congreso, vot\u00e9 y anim\u00e9 a votar. \u00a1Y lo logramos!<\/p>\n<p>Cuadr\u00e9 la agenda y all\u00ed que me fui con el port\u00e1til y m\u00f3vil cargados a tope para <strong>aprender lo m\u00e1ximo posible<\/strong> y tomar apuntes o, en otras palabras, tuitear como si no hubiese ma\u00f1ana. Tanto es as\u00ed que, <a href=\"http:\/\/eventifier.com\/event\/confbeu14\/\">seg\u00fan Eventifier<\/a>, he sido la que m\u00e1s a tuiteado de todo el evento (y habr\u00eda m\u00e1s de 300 personas) y, lo m\u00e1s curioso, he sido la \u00fanica que lo hac\u00eda en castellano (lo que significa que he tuiteado el 8% de todos los tuits del evento, <a href=\"http:\/\/hashtagify.me\/hashtag\/confabeu\">seg\u00fan Hashtagify<\/a>).<\/p>\n<p>Este dato me lleva a mi primera conclusi\u00f3n: <strong>esto de la estrategia de contenidos no se lleva mucho por estos lares<\/strong>. As\u00ed de sencillo. No s\u00e9 si es por el idioma (todas las conferencias eran en ingl\u00e9s) o por falta de conocimiento\/inter\u00e9s en el tema, pero \u00e9ramos muy pocos los representantes del pa\u00eds anfitri\u00f3n.<\/p>\n<p>Es una l\u00e1stima porque se trataron temas que ayudar\u00edan mucho a las empresas a utilizar una buena estrategia de contenidos: hubo un total de 26 sesiones sobre c\u00f3mo vender la necesidad de hacer una estrategia de contenidos a diferentes tipos de empresas (grandes, peque\u00f1as y nacionales), software y CMS, gu\u00edas de estilo, usabilidad, web sem\u00e1ntica, SEO&#8230; se habl\u00f3 de todo lo relacionado con <a title=\"\u201cEstrategia de contenidos: el ritmo de tus contenidos\u201d, por Fabrizio Ferri-Benedetti\" href=\"http:\/\/www.evasanagustin.com\/workaholic\/2014\/03\/28\/estrategia-de-contenidos-el-ritmo-de-tus-contenidos-por-fabrizio-ferri-benedetti\/\">el concepto de content strategy<\/a>. He recopilado en<del> <a href=\"https:\/\/storify.com\/evasanagustin\/\">mi Storify<\/a><\/del> <a href=\"https:\/\/wakelet.com\/@evasanagustin\">mi Wakelet<\/a> los res\u00famenes de las charlas.<\/p>\n<blockquote class=\"twitter-tweet\" data-width=\"500\" data-dnt=\"true\">\n<p lang=\"en\" dir=\"ltr\">Same here! RT <a href=\"https:\/\/twitter.com\/2welten?ref_src=twsrc%5Etfw\">@2welten<\/a>: Why I love <a href=\"https:\/\/twitter.com\/hashtag\/confabEU?src=hash&amp;ref_src=twsrc%5Etfw\">#confabEU<\/a>? Discussions are all about HOW &amp; WHY, in Germany we still tend to get stuck in discussing WHAT.<\/p>\n<p>&mdash; Eva Sanagustin (@evasanagustin) <a href=\"https:\/\/twitter.com\/evasanagustin\/status\/517318376080039936?ref_src=twsrc%5Etfw\">October 1, 2014<\/a><\/p><\/blockquote>\n<p><script async src=\"https:\/\/platform.twitter.com\/widgets.js\" charset=\"utf-8\"><\/script><\/p>\n<p>Voy a la segunda conclusi\u00f3n, algo relacionado con esto porque tiene que ver con lo que rodea este tipo de congresos: se hace mucha terapia en grupo. Me refiero a que los ponentes cuentan c\u00f3mo ellos hacen las cosas y los asistentes asentimos constantemente porque tambi\u00e9n lo vivimos as\u00ed. Hay una maravillosa complicidad entre todos que <strong>nos reafirma en nuestro trabajo<\/strong> y, a la vez, <strong>nos descubre aspectos para mejorar<\/strong>. Adem\u00e1s, se comentan\u00a0casos reales con humor (\u00a1qu\u00e9 remedio!) con los que nos sentimos identificados o de los que podemos aprender a reaccionar con\/para nuestros clientes. Lo bueno que tiene estar rodeada de colegas de profesi\u00f3n es que sientes que no est\u00e1s sola rompiendo lanzas a favor de los contenidos. S\u00ed, es posible que aqu\u00ed no haya mucha gente preocupada por estos temas, pero saber que fuera se avanza positivamente anima a seguir evangelizando (y eso que yo soy m\u00e1s del <a href=\"http:\/\/www.evasanagustin.com\/marketingdecontenidos\">content marketing<\/a>).<\/p>\n<blockquote class=\"twitter-tweet\" data-width=\"500\" data-dnt=\"true\">\n<p lang=\"es\" dir=\"ltr\">Nos re\u00edmos con <a href=\"https:\/\/twitter.com\/GerryMcgovern?ref_src=twsrc%5Etfw\">@gerrymcgovern<\/a> como si fuese un mon\u00f3logo del Club de la comedia: todo es dram\u00e1ticamente real <a href=\"https:\/\/twitter.com\/hashtag\/ConfabEU?src=hash&amp;ref_src=twsrc%5Etfw\">#ConfabEU<\/a><\/p>\n<p>&mdash; Eva Sanagustin (@evasanagustin) <a href=\"https:\/\/twitter.com\/evasanagustin\/status\/517330595542994944?ref_src=twsrc%5Etfw\">October 1, 2014<\/a><\/p><\/blockquote>\n<p><script async src=\"https:\/\/platform.twitter.com\/widgets.js\" charset=\"utf-8\"><\/script><\/p>\n<p>Mi tercera conclusi\u00f3n est\u00e1 relacionada con el par\u00e9ntesis anterior y con algunas ideas que se fueron repitiendo, al menos en las sesiones a las que yo asist\u00ed. Y es que a base de o\u00edr repetir que <strong>debemos preguntar mucho \u00abpor qu\u00e9\u00bb\u00a0 a los clientes y que debemos conocer \u00abqui\u00e9n\u00bb es su audiencia<\/strong>, me reafirm\u00e9 en que vamos todos en el mismo barco: content marketing y content strategy no pueden ir separados. Aunque son cosas claramente diferentes que no tienen porqu\u00e9 coincidir en el tiempo, s\u00ed que beben de las mismas preguntas y tienen puntos de contacto que desarrollar conjuntamente. No obstante, a\u00fan est\u00e1 arrancando el marketing de contenidos&#8230; as\u00ed que le queda lo suyo a la estrategia de contenidos para llegar a ser conocida por todos. Quiz\u00e1 porque, como tambi\u00e9n se dijo, lleva mucho trabajo y esfuerzo y el cliente no siempre lo ve como algo asumible ni por tiempo ni por recursos.<\/p>\n<p>Congresos as\u00ed deber\u00edan servir para extender la voz pero ni organiz\u00e1ndolo <a href=\"https:\/\/twitter.com\/evasanagustin\/status\/517275971020685312\">la gur\u00fa del tema<\/a> ni trayendo a <a href=\"https:\/\/twitter.com\/evasanagustin\/status\/517336057667649536\">uno de los grandes<\/a> ha habido suficiente repercusi\u00f3n por aqu\u00ed&#8230; aunque s\u00ed el suficiente por las comunidades relacionadas con este tema como para poder calificarlo de \u00e9xito. No s\u00e9 d\u00f3nde se celebrar\u00e1 en el 2015 pero me alegra haber asistido al ConfabEU 2014 en Barcelona y haber contribuido <a href=\"http:\/\/estrategiaycreaciondecontenidos.tumblr.com\/post\/97800203550\/confab-events-on-twitter-free-copy-of-spains-first\">algo<\/a>.<\/p>\n<blockquote class=\"twitter-tweet\" data-width=\"500\" data-dnt=\"true\">\n<p lang=\"en\" dir=\"ltr\">We love you, <a href=\"https:\/\/twitter.com\/hashtag\/ConfabEU?src=hash&amp;ref_src=twsrc%5Etfw\">#ConfabEU<\/a> friends! Thanks for an amazing three days. <a href=\"http:\/\/t.co\/XtdqQkjsiy\">pic.twitter.com\/XtdqQkjsiy<\/a><\/p>\n<p>&mdash; Confab 2023 (@ConfabEvents) <a href=\"https:\/\/twitter.com\/ConfabEvents\/status\/517351634892881920?ref_src=twsrc%5Etfw\">October 1, 2014<\/a><\/p><\/blockquote>\n<p><script async src=\"https:\/\/platform.twitter.com\/widgets.js\" charset=\"utf-8\"><\/script><\/p>\n","protected":false},"excerpt":{"rendered":"<p>Resumen de las sesiones a las que asistido en el primer d\u00eda del ConfabEU Barcelona (30 de septiembre de 2014).<\/p>\n","protected":false},"author":1,"featured_media":0,"comment_status":"open","ping_status":"open","sticky":false,"template":"","format":"standard","meta":{"_monsterinsights_skip_tracking":false,"_monsterinsights_sitenote_active":false,"_monsterinsights_sitenote_note":"","_monsterinsights_sitenote_category":0,"site-sidebar-layout":"default","site-content-layout":"","ast-site-content-layout":"default","site-content-style":"default","site-sidebar-style":"default","ast-global-header-display":"","ast-banner-title-visibility":"","ast-main-header-display":"","ast-hfb-above-header-display":"","ast-hfb-below-header-display":"","ast-hfb-mobile-header-display":"","site-post-title":"","ast-breadcrumbs-content":"","ast-featured-img":"","footer-sml-layout":"","ast-disable-related-posts":"","theme-transparent-header-meta":"","adv-header-id-meta":"","stick-header-meta":"","header-above-stick-meta":"","header-main-stick-meta":"","header-below-stick-meta":"","astra-migrate-meta-layouts":"default","ast-page-background-enabled":"default","ast-page-background-meta":{"desktop":{"background-color":"var(--ast-global-color-5)","background-image":"","background-repeat":"repeat","background-position":"center center","background-size":"auto","background-attachment":"scroll","background-type":"","background-media":"","overlay-type":"","overlay-color":"","overlay-opacity":"","overlay-gradient":""},"tablet":{"background-color":"","background-image":"","background-repeat":"repeat","background-position":"center center","background-size":"auto","background-attachment":"scroll","background-type":"","background-media":"","overlay-type":"","overlay-color":"","overlay-opacity":"","overlay-gradient":""},"mobile":{"background-color":"","background-image":"","background-repeat":"repeat","background-position":"center center","background-size":"auto","background-attachment":"scroll","background-type":"","background-media":"","overlay-type":"","overlay-color":"","overlay-opacity":"","overlay-gradient":""}},"ast-content-background-meta":{"desktop":{"background-color":"var(--ast-global-color-4)","background-image":"","background-repeat":"repeat","background-position":"center center","background-size":"auto","background-attachment":"scroll","background-type":"","background-media":"","overlay-type":"","overlay-color":"","overlay-opacity":"","overlay-gradient":""},"tablet":{"background-color":"var(--ast-global-color-4)","background-image":"","background-repeat":"repeat","background-position":"center center","background-size":"auto","background-attachment":"scroll","background-type":"","background-media":"","overlay-type":"","overlay-color":"","overlay-opacity":"","overlay-gradient":""},"mobile":{"background-color":"var(--ast-global-color-4)","background-image":"","background-repeat":"repeat","background-position":"center center","background-size":"auto","background-attachment":"scroll","background-type":"","background-media":"","overlay-type":"","overlay-color":"","overlay-opacity":"","overlay-gradient":""}},"footnotes":""},"categories":[7,465],"tags":[12,59],"class_list":["post-6276","post","type-post","status-publish","format-standard","hentry","category-dm","category-estrategia-de-contenidos","tag-dmassm","tag-eventos"],"_links":{"self":[{"href":"https:\/\/www.evasanagustin.com\/workaholic\/wp-json\/wp\/v2\/posts\/6276","targetHints":{"allow":["GET"]}}],"collection":[{"href":"https:\/\/www.evasanagustin.com\/workaholic\/wp-json\/wp\/v2\/posts"}],"about":[{"href":"https:\/\/www.evasanagustin.com\/workaholic\/wp-json\/wp\/v2\/types\/post"}],"author":[{"embeddable":true,"href":"https:\/\/www.evasanagustin.com\/workaholic\/wp-json\/wp\/v2\/users\/1"}],"replies":[{"embeddable":true,"href":"https:\/\/www.evasanagustin.com\/workaholic\/wp-json\/wp\/v2\/comments?post=6276"}],"version-history":[{"count":22,"href":"https:\/\/www.evasanagustin.com\/workaholic\/wp-json\/wp\/v2\/posts\/6276\/revisions"}],"predecessor-version":[{"id":10326,"href":"https:\/\/www.evasanagustin.com\/workaholic\/wp-json\/wp\/v2\/posts\/6276\/revisions\/10326"}],"wp:attachment":[{"href":"https:\/\/www.evasanagustin.com\/workaholic\/wp-json\/wp\/v2\/media?parent=6276"}],"wp:term":[{"taxonomy":"category","embeddable":true,"href":"https:\/\/www.evasanagustin.com\/workaholic\/wp-json\/wp\/v2\/categories?post=6276"},{"taxonomy":"post_tag","embeddable":true,"href":"https:\/\/www.evasanagustin.com\/workaholic\/wp-json\/wp\/v2\/tags?post=6276"}],"curies":[{"name":"wp","href":"https:\/\/api.w.org\/{rel}","templated":true}]}}