{"id":5923,"date":"2014-04-02T09:08:27","date_gmt":"2014-04-02T07:08:27","guid":{"rendered":"http:\/\/www.evasanagustin.com\/workaholic\/?p=5923"},"modified":"2026-01-05T13:49:08","modified_gmt":"2026-01-05T12:49:08","slug":"media-news-s14-a14","status":"publish","type":"post","link":"https:\/\/www.evasanagustin.com\/workaholic\/2014\/04\/02\/media-news-s14-a14\/","title":{"rendered":"Media News S14 A14"},"content":{"rendered":"<p><strong>Televisi\u00f3n<\/strong><br \/>\nSeguimos esperando saber qu\u00e9 canales desaparecen <a href=\"http:\/\/www.vayatele.com\/tdt\/ultimatum-de-industria-a-las-cadenas-tendran-que-cerrar-algunos-canales-antes-del-6-de-mayo\">antes del 6 de mayo<\/a>, no parecen tener prisa por encontrar el motivo para echar el cierre. Mientras, laSexta ha cumplido a\u00f1os esta semana (8) y <a href=\"http:\/\/blogs.lainformacion.com\/telediaria\/2014\/03\/27\/la-sexta-cumple-ocho-anos-con-el-intermedio-de-el-gran-wyoming-como-su-espacio-mas-veterano\/\">por lo visto<\/a> solo un programa ha aguantado el ritmo de la audiencia y se ha mantenido como el m\u00e1s veterano. \u00bfSe te ocurre cu\u00e1l puede ser? \u00abEl Intermedio\u00bb. Adem\u00e1s, sigue estando al pie del ca\u00f1\u00f3n y <a href=\"http:\/\/cultura.elpais.com\/cultura\/2014\/03\/27\/television\/1395941256_085518.html\">siendo noticia<\/a>, aunque sea por algo de otra \u00e9poca. \u00bfQui\u00e9n deber\u00eda cerrar? \u00bfLos que provocan algo o los que pasan desapercibidos? Tengo ganas de ver los argumentos que se utilizan para justificar los cierres&#8230; aunque algo me dice que no habr\u00e1 tal explicaci\u00f3n.<\/p>\n<p><strong>Publicidad<\/strong><br \/>\nHay veces que la publicidad sorprende, \u00a1qu\u00e9 maravilla cuando ocurre! Me ha pasado con el Peugeot 208 y su versi\u00f3n de los Autos locos. Primero porque tengo buenos recuerdos de esos dibujos animados as\u00ed que verlos de nuevo, como m\u00ednimo, me ha provocado una sonrisa. Segundo porque sirve al prop\u00f3sito de la campa\u00f1a que es superar los obst\u00e1culos en la conducci\u00f3n, en este caso, causados por los contrincantes (algunos espec\u00edmenes que, extra\u00f1amente, a\u00fan tienen puntos en el carnet s\u00ed podr\u00edan competir en una carrera de este tipo). Y tercero porque se inventan una palabra tan bien sonante como Puretech y ni la explican ni nada. A m\u00ed tambi\u00e9n me da por re\u00edr, <a href=\"https:\/\/www.youtube.com\/watch?v=t9iF8jUsWQk\">Risitas<\/a>.<\/p>\n<p><strong>Cine<\/strong><br \/>\nConocer los trucos del cine no es algo que guste a todos. Hay quien no quiere ver &#8216;As\u00ed se hizo&#8217; ni los extras en DVD ni casi saber nada m\u00e1s que la pel\u00edcula en si misma. Pero tambi\u00e9n est\u00e1n los que desean conocer todos los detalles de producci\u00f3n, la historia que esconde la pel\u00edcula porque as\u00ed tambi\u00e9n se explica una parte de la misma. A \u00e9stos segundos, seguro que una exposici\u00f3n como \u00ab<a href=\"http:\/\/www.rtve.es\/mediateca\/fotos\/20140331\/exposicion-camara-indiscreta-tesoros-cinematograficos-magnum-photos\/133935.shtml\">La c\u00e1mara indiscreta. Tesoros cinematogr\u00e1ficos de Magnum Photos<\/a>\u00bb les encantar\u00e1. Quiz\u00e1, dentro de unos a\u00f1os, para ver el interior de una pel\u00edcula solo se necesario seguir las fotos etiquetadas por los propios miembros del rodaje y publicadas en sus redes sociales. Mientras, bienvenidas sean este tipo de exposiciones.<\/p>\n<p><strong>Internet<\/strong><br \/>\nLa semana pasada no coment\u00e9 algo aparentemente tan sencillo como que Copyblogger haya quitado <a href=\"http:\/\/www.copyblogger.com\/removing-blog-comments\/\">la opci\u00f3n de comentar sus posts<\/a>. No es el primero que lo hace, tampoco ser\u00e1 el \u00faltimo. A\u00fan as\u00ed, siempre sorprenden este tipo de decisiones porque parecen alejadas del esp\u00edritu de la web 2.0. De hecho, Copyblogger para muchos es solo un blog. Pero no, <a href=\"http:\/\/www.copyblogger.com\/about\/\">son m\u00e1s cosas<\/a>. Por eso parece m\u00e1s l\u00f3gico a\u00fan que cierre los comentarios y la vez explique tan bien que no es retroceder si no derivar la conversaci\u00f3n hacia otro lugar. Ser\u00e1 por lugares donde dejar las opiniones&#8230; tantos que cada vez resulta m\u00e1s complicado decidir d\u00f3nde. Quiz\u00e1 por eso es dif\u00edcil seguir el hilo del debate&#8230; cuando lo hay.<\/p>\n","protected":false},"excerpt":{"rendered":"<p>Televisi\u00f3n Seguimos esperando saber qu\u00e9 canales desaparecen antes del 6 de mayo, no parecen tener prisa por encontrar el motivo para echar el cierre. Mientras, laSexta ha cumplido a\u00f1os esta semana (8) y por lo visto solo un programa ha aguantado el ritmo de la audiencia y se ha mantenido como el m\u00e1s veterano. \u00bfSe [&hellip;]<\/p>\n","protected":false},"author":1,"featured_media":0,"comment_status":"open","ping_status":"open","sticky":false,"template":"","format":"standard","meta":{"_monsterinsights_skip_tracking":false,"_monsterinsights_sitenote_active":false,"_monsterinsights_sitenote_note":"","_monsterinsights_sitenote_category":0,"site-sidebar-layout":"default","site-content-layout":"","ast-site-content-layout":"default","site-content-style":"default","site-sidebar-style":"default","ast-global-header-display":"","ast-banner-title-visibility":"","ast-main-header-display":"","ast-hfb-above-header-display":"","ast-hfb-below-header-display":"","ast-hfb-mobile-header-display":"","site-post-title":"","ast-breadcrumbs-content":"","ast-featured-img":"","footer-sml-layout":"","ast-disable-related-posts":"","theme-transparent-header-meta":"","adv-header-id-meta":"","stick-header-meta":"","header-above-stick-meta":"","header-main-stick-meta":"","header-below-stick-meta":"","astra-migrate-meta-layouts":"default","ast-page-background-enabled":"default","ast-page-background-meta":{"desktop":{"background-color":"var(--ast-global-color-5)","background-image":"","background-repeat":"repeat","background-position":"center center","background-size":"auto","background-attachment":"scroll","background-type":"","background-media":"","overlay-type":"","overlay-color":"","overlay-opacity":"","overlay-gradient":""},"tablet":{"background-color":"","background-image":"","background-repeat":"repeat","background-position":"center center","background-size":"auto","background-attachment":"scroll","background-type":"","background-media":"","overlay-type":"","overlay-color":"","overlay-opacity":"","overlay-gradient":""},"mobile":{"background-color":"","background-image":"","background-repeat":"repeat","background-position":"center center","background-size":"auto","background-attachment":"scroll","background-type":"","background-media":"","overlay-type":"","overlay-color":"","overlay-opacity":"","overlay-gradient":""}},"ast-content-background-meta":{"desktop":{"background-color":"var(--ast-global-color-4)","background-image":"","background-repeat":"repeat","background-position":"center center","background-size":"auto","background-attachment":"scroll","background-type":"","background-media":"","overlay-type":"","overlay-color":"","overlay-opacity":"","overlay-gradient":""},"tablet":{"background-color":"var(--ast-global-color-4)","background-image":"","background-repeat":"repeat","background-position":"center center","background-size":"auto","background-attachment":"scroll","background-type":"","background-media":"","overlay-type":"","overlay-color":"","overlay-opacity":"","overlay-gradient":""},"mobile":{"background-color":"var(--ast-global-color-4)","background-image":"","background-repeat":"repeat","background-position":"center center","background-size":"auto","background-attachment":"scroll","background-type":"","background-media":"","overlay-type":"","overlay-color":"","overlay-opacity":"","overlay-gradient":""}},"footnotes":""},"categories":[4,5,2,3],"tags":[51,415],"class_list":["post-5923","post","type-post","status-publish","format-standard","hentry","category-cine","category-internet","category-publicidad","category-television","tag-lasexta","tag-marcas-coches"],"_links":{"self":[{"href":"https:\/\/www.evasanagustin.com\/workaholic\/wp-json\/wp\/v2\/posts\/5923","targetHints":{"allow":["GET"]}}],"collection":[{"href":"https:\/\/www.evasanagustin.com\/workaholic\/wp-json\/wp\/v2\/posts"}],"about":[{"href":"https:\/\/www.evasanagustin.com\/workaholic\/wp-json\/wp\/v2\/types\/post"}],"author":[{"embeddable":true,"href":"https:\/\/www.evasanagustin.com\/workaholic\/wp-json\/wp\/v2\/users\/1"}],"replies":[{"embeddable":true,"href":"https:\/\/www.evasanagustin.com\/workaholic\/wp-json\/wp\/v2\/comments?post=5923"}],"version-history":[{"count":3,"href":"https:\/\/www.evasanagustin.com\/workaholic\/wp-json\/wp\/v2\/posts\/5923\/revisions"}],"predecessor-version":[{"id":5928,"href":"https:\/\/www.evasanagustin.com\/workaholic\/wp-json\/wp\/v2\/posts\/5923\/revisions\/5928"}],"wp:attachment":[{"href":"https:\/\/www.evasanagustin.com\/workaholic\/wp-json\/wp\/v2\/media?parent=5923"}],"wp:term":[{"taxonomy":"category","embeddable":true,"href":"https:\/\/www.evasanagustin.com\/workaholic\/wp-json\/wp\/v2\/categories?post=5923"},{"taxonomy":"post_tag","embeddable":true,"href":"https:\/\/www.evasanagustin.com\/workaholic\/wp-json\/wp\/v2\/tags?post=5923"}],"curies":[{"name":"wp","href":"https:\/\/api.w.org\/{rel}","templated":true}]}}