{"id":5824,"date":"2014-02-24T09:08:26","date_gmt":"2014-02-24T08:08:26","guid":{"rendered":"http:\/\/www.evasanagustin.com\/workaholic\/?p=5824"},"modified":"2020-05-02T09:56:53","modified_gmt":"2020-05-02T07:56:53","slug":"contenidos-un-calendario-editorial-a-largo-plazo-es-posible-y-necesario","status":"publish","type":"post","link":"https:\/\/www.evasanagustin.com\/workaholic\/2014\/02\/24\/contenidos-un-calendario-editorial-a-largo-plazo-es-posible-y-necesario\/","title":{"rendered":"[Contenidos] Un calendario editorial a largo plazo es posible y necesario"},"content":{"rendered":"<p><a href=\"http:\/\/www.marketingdecontenidos.es\/faqs\/para-que-sirve-un-calendario-editorial\/\">El calendario editorial<\/a> sirve para <strong>organizar internamente los contenidos<\/strong> y <strong>planificarlos<\/strong> para que sean constantes (de la coherencia se encarga <a href=\"http:\/\/www.marketingdecontenidos.es\/faqs\/para-que-sirve-una-guia-de-estilo\/\">la Gu\u00eda de estilo<\/a>), es decir, que nadie se olvide de preparar y publicar en alg\u00fan canal a\u00fan cuando haya picos de trabajo o <a href=\"http:\/\/www.evasanagustin.com\/workaholic\/2012\/08\/20\/contenidos-pensar-en-el-contenido-antes-de-las-vacaciones\/\">vacaciones<\/a>. Todo eso sin descuidar la programaci\u00f3n a largo plazo porque tambi\u00e9n tiene beneficios como vamos a ver. En resumen, planificar las publicaciones permite:<\/p>\n<ul>\n<li>a <strong>corto plazo<\/strong>, no dejarse llevar por el d\u00eda a d\u00eda de la empresa y reservar tiempo para la <strong>actualidad<\/strong>.<\/li>\n<li>a <strong>largo plazo<\/strong>, trabajar mejor la creaci\u00f3n de contenidos <strong>atemporales<\/strong> pero tambi\u00e9n el reciclaje de los que se han publicado anteriormente.<\/li>\n<\/ul>\n<p>Pensar a un a\u00f1o vista es bueno para planificar con tiempo los contenidos. Usando las fechas actuales como ejemplo: \u00bfvas a hacer un resumen del a\u00f1o <strong>sin enlaces a tus propios posts<\/strong>? Error. \u00bfVas a preparar una presentaci\u00f3n con las tendencias para el pr\u00f3ximo <strong>sin considerar tus propias ideas<\/strong>? Segundo error.<\/p>\n<p>Y los dos surgen por el mismo problema: querer hacer el contenido de un d\u00eda para otro, sin dedicar un rato a pensarlo antes. De haberlo hecho, ese resumen y esa presentaci\u00f3n ser\u00edan una forma de <a title=\"[Contenidos] Reaprovecha el contenido para no tener que escribir cada d\u00eda\" href=\"http:\/\/www.evasanagustin.com\/workaholic\/2013\/06\/17\/contenidos-reaprovecha-el-contenido-para-no-tener-que-escribir-cada-dia\/\"><strong>reciclar contenido<\/strong><\/a> f\u00e1cil que te evitar\u00eda tener que crear contenido nuevo y que reafirmar\u00eda tu posicionamiento. Sin esa planificaci\u00f3n, como mucho, son una manera de <a href=\"http:\/\/www.evasanagustin.com\/workaholic\/2012\/09\/18\/content-curation-en-10-pasos\/\">hacer de content curator<\/a>, recomendando la lectura de art\u00edculos de otros.<\/p>\n<p>As\u00ed que saca tu calendario editorial, si a\u00fan no tienes uno <a href=\"http:\/\/www.scoop.it\/t\/marketing-de-contenidos\/?tag=calendario+editorial\">mira ejemplos y descarga algunas plantillas<\/a>, y se\u00f1ala las fechas importantes en las que puedes necesitar contenido y marca tambi\u00e9n un mes y una semana antes, como <strong>recordatorio<\/strong> para organizarte mejor.<\/p>\n<p>Igual que planificamos nuestra vida personal o las campa\u00f1as publicitarias, <strong>debemos prever qu\u00e9 contenidos necesitaremos<\/strong> para Navidad, Fin de a\u00f1o, Reyes, San Valent\u00edn, D\u00eda del padre, de la madre\u2026 incluso para cambios de estaci\u00f3n o d\u00edas internacionales. Son \u00e9pocas en las que puede haber mucho trabajo en la empresa y, posiblemente, menos tiempo para el contenido pero habr\u00e1 mucha gente busc\u00e1ndolo.<\/p>\n<p>F\u00edjate que, en realidad, no est\u00e1 muy claro sobre qu\u00e9 ir\u00e1n esos posts. Esto es as\u00ed porque en un calendario <strong>a largo plazo no hace falta poner el detalle<\/strong> de todo, \u00fanicamente la esencia. Cuando se acerque el momento, el mes antes, entonces s\u00ed har\u00e1 falta concretar c\u00f3mo tendr\u00e1 que ser el contenido.<\/p>\n<blockquote><p>Originalmente publicado en la <strong>newsletter <a href=\"http:\/\/www.marketingdecontenidos.es\">Marketing de contenidos<\/a>, n\u00famero 126 (7 de enero de 2013)<\/strong>. Suscr\u00edbete gratuitamente para recibir <a href=\"http:\/\/www.marketingdecontenidos.es\/recursos\/newsletter\/\">un art\u00edculo exclusivo cada lunes<\/a>.<\/p><\/blockquote>\n","protected":false},"excerpt":{"rendered":"<p>El calendario editorial sirve para organizar internamente los contenidos y planificarlos para que sean constantes (de la coherencia se encarga la Gu\u00eda de estilo), es decir, que nadie se olvide de preparar y publicar en alg\u00fan canal a\u00fan cuando haya picos de trabajo o vacaciones. Todo eso sin descuidar la programaci\u00f3n a largo plazo porque [&hellip;]<\/p>\n","protected":false},"author":1,"featured_media":0,"comment_status":"open","ping_status":"open","sticky":false,"template":"","format":"standard","meta":{"_monsterinsights_skip_tracking":false,"_monsterinsights_sitenote_active":false,"_monsterinsights_sitenote_note":"","_monsterinsights_sitenote_category":0,"site-sidebar-layout":"default","site-content-layout":"","ast-site-content-layout":"default","site-content-style":"default","site-sidebar-style":"default","ast-global-header-display":"","ast-banner-title-visibility":"","ast-main-header-display":"","ast-hfb-above-header-display":"","ast-hfb-below-header-display":"","ast-hfb-mobile-header-display":"","site-post-title":"","ast-breadcrumbs-content":"","ast-featured-img":"","footer-sml-layout":"","ast-disable-related-posts":"","theme-transparent-header-meta":"","adv-header-id-meta":"","stick-header-meta":"","header-above-stick-meta":"","header-main-stick-meta":"","header-below-stick-meta":"","astra-migrate-meta-layouts":"default","ast-page-background-enabled":"default","ast-page-background-meta":{"desktop":{"background-color":"var(--ast-global-color-5)","background-image":"","background-repeat":"repeat","background-position":"center center","background-size":"auto","background-attachment":"scroll","background-type":"","background-media":"","overlay-type":"","overlay-color":"","overlay-opacity":"","overlay-gradient":""},"tablet":{"background-color":"","background-image":"","background-repeat":"repeat","background-position":"center center","background-size":"auto","background-attachment":"scroll","background-type":"","background-media":"","overlay-type":"","overlay-color":"","overlay-opacity":"","overlay-gradient":""},"mobile":{"background-color":"","background-image":"","background-repeat":"repeat","background-position":"center center","background-size":"auto","background-attachment":"scroll","background-type":"","background-media":"","overlay-type":"","overlay-color":"","overlay-opacity":"","overlay-gradient":""}},"ast-content-background-meta":{"desktop":{"background-color":"var(--ast-global-color-4)","background-image":"","background-repeat":"repeat","background-position":"center center","background-size":"auto","background-attachment":"scroll","background-type":"","background-media":"","overlay-type":"","overlay-color":"","overlay-opacity":"","overlay-gradient":""},"tablet":{"background-color":"var(--ast-global-color-4)","background-image":"","background-repeat":"repeat","background-position":"center center","background-size":"auto","background-attachment":"scroll","background-type":"","background-media":"","overlay-type":"","overlay-color":"","overlay-opacity":"","overlay-gradient":""},"mobile":{"background-color":"var(--ast-global-color-4)","background-image":"","background-repeat":"repeat","background-position":"center center","background-size":"auto","background-attachment":"scroll","background-type":"","background-media":"","overlay-type":"","overlay-color":"","overlay-opacity":"","overlay-gradient":""}},"footnotes":""},"categories":[412],"tags":[453,475,505],"class_list":["post-5824","post","type-post","status-publish","format-standard","hentry","category-redaccion-de-contenidos","tag-calendario-editorial","tag-guia-de-estilo","tag-reciclaje-de-contenidos"],"_links":{"self":[{"href":"https:\/\/www.evasanagustin.com\/workaholic\/wp-json\/wp\/v2\/posts\/5824","targetHints":{"allow":["GET"]}}],"collection":[{"href":"https:\/\/www.evasanagustin.com\/workaholic\/wp-json\/wp\/v2\/posts"}],"about":[{"href":"https:\/\/www.evasanagustin.com\/workaholic\/wp-json\/wp\/v2\/types\/post"}],"author":[{"embeddable":true,"href":"https:\/\/www.evasanagustin.com\/workaholic\/wp-json\/wp\/v2\/users\/1"}],"replies":[{"embeddable":true,"href":"https:\/\/www.evasanagustin.com\/workaholic\/wp-json\/wp\/v2\/comments?post=5824"}],"version-history":[{"count":5,"href":"https:\/\/www.evasanagustin.com\/workaholic\/wp-json\/wp\/v2\/posts\/5824\/revisions"}],"predecessor-version":[{"id":16481,"href":"https:\/\/www.evasanagustin.com\/workaholic\/wp-json\/wp\/v2\/posts\/5824\/revisions\/16481"}],"wp:attachment":[{"href":"https:\/\/www.evasanagustin.com\/workaholic\/wp-json\/wp\/v2\/media?parent=5824"}],"wp:term":[{"taxonomy":"category","embeddable":true,"href":"https:\/\/www.evasanagustin.com\/workaholic\/wp-json\/wp\/v2\/categories?post=5824"},{"taxonomy":"post_tag","embeddable":true,"href":"https:\/\/www.evasanagustin.com\/workaholic\/wp-json\/wp\/v2\/tags?post=5824"}],"curies":[{"name":"wp","href":"https:\/\/api.w.org\/{rel}","templated":true}]}}