{"id":5072,"date":"2013-03-27T17:38:18","date_gmt":"2013-03-27T16:38:18","guid":{"rendered":"http:\/\/www.evasanagustin.com\/workaholic\/?p=5072"},"modified":"2026-01-05T14:09:39","modified_gmt":"2026-01-05T13:09:39","slug":"media-news-s13-a13","status":"publish","type":"post","link":"https:\/\/www.evasanagustin.com\/workaholic\/2013\/03\/27\/media-news-s13-a13\/","title":{"rendered":"Media News S13 A13"},"content":{"rendered":"<p><strong><\/strong><strong>Publicidad<\/strong><br \/>\n La primavera lleg\u00f3 la semana pasada, lo coment\u00e9 en <a title=\"Media News S12 A13\" href=\"http:\/\/www.evasanagustin.com\/workaholic\/2013\/03\/20\/media-news-s12-a13\/\">el anterior Media News<\/a>. Pero, al d\u00eda siguiente, Frigo ya nos estaba hablando del verano. No hemos tenido tiempo de acostumbrarnos a la terracita ni siquiera hemos cambiado la hora \u00bfy ya quieren vendernos helados? Para los que los consumen todo el a\u00f1o, no hace falta. Y para los que esperamos a tener calor, no necesitamos que nos lo recuerden. Lo mismo que la primavera y El Corte Ingl\u00e9s, efectivamente. Pero lo que me da rabia en este caso es que se hayan adelantado 3 meses. Si nos descuidamos, el spot de Freixenet nos lo pondr\u00e1n en pleno solsticio de verano. Un poco de calma que el cambio clim\u00e1tico ya nos tiene locos, no necesitamos que la publi nos enloquezca m\u00e1s.<\/p>\n<p><strong>Cine<\/strong><br \/>\nHasta ahora, ten\u00edamos teasers y trailers m\u00e1s o menos largos que pod\u00edamos ver en televisi\u00f3n, cine o YouTube. Pero <a href=\"http:\/\/www.blogpocket.com\/2013\/03\/27\/el-tweaser-de-the-wolverine\/\">a alguien se le ha ocurrido crear un tweaser<\/a>, una mezcla de teaser y Twitter aprovechando los 6 segundos de Vine. Aunque pod\u00eda no serlo, es un montaje que bien podr\u00eda ser un ejercicio de edici\u00f3n en escuelas de cine. Dudo de s\u00ed podr\u00eda ser un twailer (\u00a1otro palabro!) que mereciese la pena pero est\u00e1 claro que ese tiempo no da para un di\u00e1logo representativo de una pel\u00edcula (las citas que se vuelven cl\u00e1sicas despu\u00e9s no cuentan). Eso es lo que convierte a Vine en una app perfecta para pelis de acci\u00f3n como \u00abThe Wolverine\u00bb pero, de todas formas, no viene mal tener un poco m\u00e1s de metraje para hacerte una idea real de lo que ver\u00e1s.<\/p>\n<p><strong>Televisi\u00f3n<\/strong><br \/>\nEn Vaya tele plantean <a href=\"http:\/\/www.vayatele.com\/tdt\/que-cadena-de-tdt-echarias-de-menos-si-desapareciera-la-pregunta-de-la-semana\">una pregunta interesante<\/a>: \u00bfqu\u00e9 cadena de la TDT echar\u00edas de menos si desapareciese? <a href=\"http:\/\/www.vayatele.com\/legislacion\/que-canales-dejaremos-de-ver-en-la-tdt\">Algunas candidatas<\/a>, curiosamente, nunca las he visto porque mi antena colectiva a\u00fan no me lo permite. As\u00ed que quiz\u00e1 la pregunta deber\u00eda ser cu\u00e1l quiero ver o cu\u00e1l ni me enterar\u00eda de si desapareciese. Confieso que algunos canales los oculto para que al hacer zapping haya m\u00e1s probabilidades de dar algo interesante. Pero dudo que <a href=\"http:\/\/www.vayatele.com\/tdt\/el-gobierno-manda-retirar-nueve-canales-tdt-a-las-cadenas-privadas\">cuando quiten varios canales<\/a> vaya a mejorar la cosa. Mi propuesta es que, en lugar de tener canales tem\u00e1ticos, haya cadenas tem\u00e1ticas. Y aqu\u00ed es donde es importante distinguir entre canal y cadena, y eso que con la fusi\u00f3n no nos lo han puesto f\u00e1cil.<\/p>\n<p><strong>Internet<\/strong><br \/>\nUn poco de humor para acabar, el de Geek and Poke. No es la primera vez que recomiendo sus vi\u00f1etas pero en estos \u00faltimos d\u00edas ha publicado dos\u00a0 relacionadas de esas para pensar si la tecnolog\u00eda nos ayuda o nos perjudica. \u00bf<a href=\"http:\/\/geek-and-poke.com\/2013\/03\/smart-gdgts.html\">Un reloj<\/a> que (\u00bfceloso, enfadado?) sugiere que la hora la miremos en un m\u00f3vil y <a href=\"http:\/\/geek-and-poke.com\/2013\/03\/what-a-wonderful-world.html\">unas gafas<\/a> a las que les preguntarles si llover\u00e1 ma\u00f1ana? No s\u00e9 si se acerca a un mundo maravilloso como titula el autor la vi\u00f1eta pero no me parece imposible. Hubo un tiempo en que era rid\u00edculo ver a alguien pegado al m\u00f3vil en la playa y ahora nos quejamos porque no hay wifi en el tren.<\/p>\n","protected":false},"excerpt":{"rendered":"<p>Publicidad La primavera lleg\u00f3 la semana pasada, lo coment\u00e9 en el anterior Media News. Pero, al d\u00eda siguiente, Frigo ya nos estaba hablando del verano. No hemos tenido tiempo de acostumbrarnos a la terracita ni siquiera hemos cambiado la hora \u00bfy ya quieren vendernos helados? Para los que los consumen todo el a\u00f1o, no hace [&hellip;]<\/p>\n","protected":false},"author":1,"featured_media":0,"comment_status":"open","ping_status":"open","sticky":false,"template":"","format":"standard","meta":{"_monsterinsights_skip_tracking":false,"_monsterinsights_sitenote_active":false,"_monsterinsights_sitenote_note":"","_monsterinsights_sitenote_category":0,"site-sidebar-layout":"default","site-content-layout":"","ast-site-content-layout":"default","site-content-style":"default","site-sidebar-style":"default","ast-global-header-display":"","ast-banner-title-visibility":"","ast-main-header-display":"","ast-hfb-above-header-display":"","ast-hfb-below-header-display":"","ast-hfb-mobile-header-display":"","site-post-title":"","ast-breadcrumbs-content":"","ast-featured-img":"","footer-sml-layout":"","ast-disable-related-posts":"","theme-transparent-header-meta":"","adv-header-id-meta":"","stick-header-meta":"","header-above-stick-meta":"","header-main-stick-meta":"","header-below-stick-meta":"","astra-migrate-meta-layouts":"default","ast-page-background-enabled":"default","ast-page-background-meta":{"desktop":{"background-color":"var(--ast-global-color-5)","background-image":"","background-repeat":"repeat","background-position":"center center","background-size":"auto","background-attachment":"scroll","background-type":"","background-media":"","overlay-type":"","overlay-color":"","overlay-opacity":"","overlay-gradient":""},"tablet":{"background-color":"","background-image":"","background-repeat":"repeat","background-position":"center center","background-size":"auto","background-attachment":"scroll","background-type":"","background-media":"","overlay-type":"","overlay-color":"","overlay-opacity":"","overlay-gradient":""},"mobile":{"background-color":"","background-image":"","background-repeat":"repeat","background-position":"center center","background-size":"auto","background-attachment":"scroll","background-type":"","background-media":"","overlay-type":"","overlay-color":"","overlay-opacity":"","overlay-gradient":""}},"ast-content-background-meta":{"desktop":{"background-color":"var(--ast-global-color-4)","background-image":"","background-repeat":"repeat","background-position":"center center","background-size":"auto","background-attachment":"scroll","background-type":"","background-media":"","overlay-type":"","overlay-color":"","overlay-opacity":"","overlay-gradient":""},"tablet":{"background-color":"var(--ast-global-color-4)","background-image":"","background-repeat":"repeat","background-position":"center center","background-size":"auto","background-attachment":"scroll","background-type":"","background-media":"","overlay-type":"","overlay-color":"","overlay-opacity":"","overlay-gradient":""},"mobile":{"background-color":"var(--ast-global-color-4)","background-image":"","background-repeat":"repeat","background-position":"center center","background-size":"auto","background-attachment":"scroll","background-type":"","background-media":"","overlay-type":"","overlay-color":"","overlay-opacity":"","overlay-gradient":""}},"footnotes":""},"categories":[4,5,2,3],"tags":[87,490,78,129,44,167,469],"class_list":["post-5072","post","type-post","status-publish","format-standard","hentry","category-cine","category-internet","category-publicidad","category-television","tag-adiccion-a-los-medios","tag-marcas-de-alimentacion","tag-tdt","tag-teaser","tag-trailers","tag-twitter","tag-vine"],"_links":{"self":[{"href":"https:\/\/www.evasanagustin.com\/workaholic\/wp-json\/wp\/v2\/posts\/5072","targetHints":{"allow":["GET"]}}],"collection":[{"href":"https:\/\/www.evasanagustin.com\/workaholic\/wp-json\/wp\/v2\/posts"}],"about":[{"href":"https:\/\/www.evasanagustin.com\/workaholic\/wp-json\/wp\/v2\/types\/post"}],"author":[{"embeddable":true,"href":"https:\/\/www.evasanagustin.com\/workaholic\/wp-json\/wp\/v2\/users\/1"}],"replies":[{"embeddable":true,"href":"https:\/\/www.evasanagustin.com\/workaholic\/wp-json\/wp\/v2\/comments?post=5072"}],"version-history":[{"count":5,"href":"https:\/\/www.evasanagustin.com\/workaholic\/wp-json\/wp\/v2\/posts\/5072\/revisions"}],"predecessor-version":[{"id":5076,"href":"https:\/\/www.evasanagustin.com\/workaholic\/wp-json\/wp\/v2\/posts\/5072\/revisions\/5076"}],"wp:attachment":[{"href":"https:\/\/www.evasanagustin.com\/workaholic\/wp-json\/wp\/v2\/media?parent=5072"}],"wp:term":[{"taxonomy":"category","embeddable":true,"href":"https:\/\/www.evasanagustin.com\/workaholic\/wp-json\/wp\/v2\/categories?post=5072"},{"taxonomy":"post_tag","embeddable":true,"href":"https:\/\/www.evasanagustin.com\/workaholic\/wp-json\/wp\/v2\/tags?post=5072"}],"curies":[{"name":"wp","href":"https:\/\/api.w.org\/{rel}","templated":true}]}}