{"id":431,"date":"2008-10-29T21:58:53","date_gmt":"2008-10-29T20:58:53","guid":{"rendered":"http:\/\/www.evasanagustin.com\/workaholic\/?p=431"},"modified":"2008-10-29T22:05:19","modified_gmt":"2008-10-29T21:05:19","slug":"media-news-s44-a08","status":"publish","type":"post","link":"https:\/\/www.evasanagustin.com\/workaholic\/2008\/10\/29\/media-news-s44-a08\/","title":{"rendered":"Media News S44 A08"},"content":{"rendered":"<p>Esta semana la edici\u00f3n de Media News es un poco especial porque recoge noticias exclusivamente de medios digitales.\u00a0Es algo as\u00ed como un experimento personal para encontrar la respuesta a \u00bfpodr\u00eda hacer un Media News diario en lugar de semanal? Por cierto, tambi\u00e9n mantengo un <a href=\"http:\/\/evasanagustin.tumblr.com\/\" target=\"_blank\">Media News Xpress<\/a> con citas sobre los medios.<\/p>\n<p><strong>Televisi\u00f3n<\/strong><br \/>\nFinalmente (por si alguien lo pon\u00eda en duda) se confirma que Antonio Lobato se va a laSexta y con su equipo. Este domingo puede ser interesante cambiar y\u00a0ver TeleCinco por \u00faltima vez aunque seguramente las retransmisiones seguir\u00e1n siendo iguales solo que baj otro logo.\u00a0Me gusta mucho la respuesta que ha dado en\u00a0<a href=\"http:\/\/www.elmundo.es\/elmundo\/2008\/10\/29\/comunicacion\/1225279890.html\" target=\"_blank\">la v\u00eddeoentrevista<\/a> de <em>El mundo <\/em>a si la F\u00f3rmula 1 es un deporte o una excusa para vender coches.<\/p>\n<p><strong>Cine<\/strong><br \/>\nJoaquin Phoenix dice adi\u00f3s al cine para centrarse en la m\u00fasica. No s\u00e9 c\u00f3mo tienen el valor en <em>El Pa\u00eds<\/em> de <a href=\"http:\/\/www.elpais.com\/articulo\/gente\/Joaquin\/Phoenix\/abandona\/cine\/musica\/elpepugen\/20081029elpepuage_1\/Tes\" target=\"_blank\">usar en la entradilla<\/a> \u00abel hermano peque\u00f1o de River\u00bb cuando Joaquin tiene una carrera propia y suficiente independiente como para seguir usando ese calificativo. Es imposible imaginarse por ejemplo \u00abAsesinado en 8 mil\u00edmetros\u00bb, \u00abSe\u00f1ales\u00bb, \u00abGladiator\u00bb\u00a0o \u00abLa noche es nuestra\u00bb sin \u00e9l. Parece que <a href=\"http:\/\/www.lavanguardia.es\/lv24h\/20081029\/53568796044.html\" target=\"_blank\">no es una broma<\/a>, as\u00ed que m\u00e1s bien es una l\u00e1stima.<\/p>\n<p><strong>Internet<\/strong><br \/>\nSorprendente la afirmaci\u00f3n que <a href=\"http:\/\/www.elmundo.es\/mundodinero\/2008\/10\/29\/economia\/1225292413.html\" target=\"_blank\">aparece en <em>El\u00a0mundo<\/em><\/a>:\u00a0\u00ablos trabajadores que utilizan redes sociales como Facebook, Bebo y MySpace aportan m\u00e1s beneficios que perjuicios para la empresa\u00bb. No me acabo de creer que \u00ablas redes sociales aumentan la productividad y mejoran las relaciones laborales\u00bb. M\u00e1s bien creo que sirven para fuera de la empresa, m\u00e1s que para dentro. Entre trabajadores de la misma oficina es poco pr\u00e1ctico y m\u00e1s bien un juego que algo rentable para la empresa.<\/p>\n<p><strong>Prensa<\/strong><br \/>\nFelicidades a <em>La Vanguardia<\/em> por abrir <a href=\"http:\/\/www.lavanguardia.es\/hemeroteca\/\" target=\"_blank\">su hemeroteca<\/a> de manera gratuita\u00a0y tambi\u00e9n por su consecuente <a href=\"http:\/\/www.lavanguardia.es\/lv24h\/20081028\/53568369646.html\" target=\"_blank\">aumento de visitas a la web<\/a>. Lo siguiente deber\u00eda ser poder recomendar una noticia sin estar registrado. Por cierto que su\u00a0<a href=\"http:\/\/hemeroteca.lavanguardia.es\/search.html\" target=\"_blank\">buscador por palabras<\/a>\u00a0ofrece un mundo de posibilidades en cualquier \u00e1mbito.<\/p>\n<p><strong>Publicidad<br \/>\n<\/strong>Se han <a href=\"http:\/\/www.elpais.com\/articulo\/sociedad\/Ondas\/premian\/cobertura\/SER\/Eurocopa\/Juegos\/Olimpicos\/elpepugen\/20081029elpepusoc_5\/Tes\" target=\"_blank\">dado a conocer<\/a> los Premios Ondas 2008 y aprovecho para preguntar p\u00fablicamente por qu\u00e9\u00a0no hay una categor\u00eda espec\u00edfica de publicidad para televisi\u00f3n, por qu\u00e9 solo la hay para radio. Si premian cu\u00f1as y campa\u00f1as, por qu\u00e9 no spots.<\/p>\n","protected":false},"excerpt":{"rendered":"<p>Esta semana la edici\u00f3n de Media News es un poco especial porque recoge noticias exclusivamente de medios digitales.\u00a0Es algo as\u00ed como un experimento personal para encontrar la respuesta a \u00bfpodr\u00eda hacer un Media News diario en lugar de semanal? Por cierto, tambi\u00e9n mantengo un Media News Xpress con citas sobre los medios. Televisi\u00f3n Finalmente (por [&hellip;]<\/p>\n","protected":false},"author":1,"featured_media":0,"comment_status":"open","ping_status":"open","sticky":false,"template":"","format":"standard","meta":{"_monsterinsights_skip_tracking":false,"_monsterinsights_sitenote_active":false,"_monsterinsights_sitenote_note":"","_monsterinsights_sitenote_category":0,"site-sidebar-layout":"default","site-content-layout":"","ast-site-content-layout":"default","site-content-style":"default","site-sidebar-style":"default","ast-global-header-display":"","ast-banner-title-visibility":"","ast-main-header-display":"","ast-hfb-above-header-display":"","ast-hfb-below-header-display":"","ast-hfb-mobile-header-display":"","site-post-title":"","ast-breadcrumbs-content":"","ast-featured-img":"","footer-sml-layout":"","ast-disable-related-posts":"","theme-transparent-header-meta":"","adv-header-id-meta":"","stick-header-meta":"","header-above-stick-meta":"","header-main-stick-meta":"","header-below-stick-meta":"","astra-migrate-meta-layouts":"default","ast-page-background-enabled":"default","ast-page-background-meta":{"desktop":{"background-color":"var(--ast-global-color-5)","background-image":"","background-repeat":"repeat","background-position":"center center","background-size":"auto","background-attachment":"scroll","background-type":"","background-media":"","overlay-type":"","overlay-color":"","overlay-opacity":"","overlay-gradient":""},"tablet":{"background-color":"","background-image":"","background-repeat":"repeat","background-position":"center center","background-size":"auto","background-attachment":"scroll","background-type":"","background-media":"","overlay-type":"","overlay-color":"","overlay-opacity":"","overlay-gradient":""},"mobile":{"background-color":"","background-image":"","background-repeat":"repeat","background-position":"center center","background-size":"auto","background-attachment":"scroll","background-type":"","background-media":"","overlay-type":"","overlay-color":"","overlay-opacity":"","overlay-gradient":""}},"ast-content-background-meta":{"desktop":{"background-color":"var(--ast-global-color-4)","background-image":"","background-repeat":"repeat","background-position":"center center","background-size":"auto","background-attachment":"scroll","background-type":"","background-media":"","overlay-type":"","overlay-color":"","overlay-opacity":"","overlay-gradient":""},"tablet":{"background-color":"var(--ast-global-color-4)","background-image":"","background-repeat":"repeat","background-position":"center center","background-size":"auto","background-attachment":"scroll","background-type":"","background-media":"","overlay-type":"","overlay-color":"","overlay-opacity":"","overlay-gradient":""},"mobile":{"background-color":"var(--ast-global-color-4)","background-image":"","background-repeat":"repeat","background-position":"center center","background-size":"auto","background-attachment":"scroll","background-type":"","background-media":"","overlay-type":"","overlay-color":"","overlay-opacity":"","overlay-gradient":""}},"footnotes":""},"categories":[4,5,2,3],"tags":[48,191,24,181],"class_list":["post-431","post","type-post","status-publish","format-standard","hentry","category-cine","category-internet","category-publicidad","category-television","tag-formula-1","tag-premios-de-television","tag-prensa-online","tag-redes-sociales"],"_links":{"self":[{"href":"https:\/\/www.evasanagustin.com\/workaholic\/wp-json\/wp\/v2\/posts\/431","targetHints":{"allow":["GET"]}}],"collection":[{"href":"https:\/\/www.evasanagustin.com\/workaholic\/wp-json\/wp\/v2\/posts"}],"about":[{"href":"https:\/\/www.evasanagustin.com\/workaholic\/wp-json\/wp\/v2\/types\/post"}],"author":[{"embeddable":true,"href":"https:\/\/www.evasanagustin.com\/workaholic\/wp-json\/wp\/v2\/users\/1"}],"replies":[{"embeddable":true,"href":"https:\/\/www.evasanagustin.com\/workaholic\/wp-json\/wp\/v2\/comments?post=431"}],"version-history":[{"count":0,"href":"https:\/\/www.evasanagustin.com\/workaholic\/wp-json\/wp\/v2\/posts\/431\/revisions"}],"wp:attachment":[{"href":"https:\/\/www.evasanagustin.com\/workaholic\/wp-json\/wp\/v2\/media?parent=431"}],"wp:term":[{"taxonomy":"category","embeddable":true,"href":"https:\/\/www.evasanagustin.com\/workaholic\/wp-json\/wp\/v2\/categories?post=431"},{"taxonomy":"post_tag","embeddable":true,"href":"https:\/\/www.evasanagustin.com\/workaholic\/wp-json\/wp\/v2\/tags?post=431"}],"curies":[{"name":"wp","href":"https:\/\/api.w.org\/{rel}","templated":true}]}}