{"id":3946,"date":"2011-11-16T23:58:36","date_gmt":"2011-11-16T22:58:36","guid":{"rendered":"http:\/\/www.evasanagustin.com\/workaholic\/?p=3946"},"modified":"2026-01-05T13:46:06","modified_gmt":"2026-01-05T12:46:06","slug":"media-news-s46-a11","status":"publish","type":"post","link":"https:\/\/www.evasanagustin.com\/workaholic\/2011\/11\/16\/media-news-s46-a11\/","title":{"rendered":"Media News S46 A11"},"content":{"rendered":"<p><strong>Televisi\u00f3n<\/strong><br \/>\nQue la F\u00f3rmula 1 cambiase de canal no me import\u00f3 porque la sigo viendo en el mismo sitio, en TV3. Pero que MotoGP pase de La1 a TeleCinco s\u00ed que me afecta. Ya me cost\u00f3 acostumbrarme a los \u00faltimos cambios y aunque <a href=\"http:\/\/www.vayatele.com\/deportes\/el-motociclismo-en-telecinco-asi-sera-su-equipo\">el nuevo equipo<\/a> tendr\u00e1 a comentaristas ya conocidos, me preocupa que conviertan este deporte en un circo publicitario. No quiero pensar en la inmersi\u00f3n que deben estar haciendo los que vayan a estar detr\u00e1s para aprender todo lo relacionado con algo que hasta ahora no exist\u00eda para ellos. Y lo mismo para Cuatro, su cadena hermana. Tendr\u00e1n que incluir reportajes en sus horas y horas de futbol. Como siempre digo, si sirve para dar a conocer el Mundial a m\u00e1s gente, bienvenido sea. Pero que no lo fastidien para los que llevamos a\u00f1os vi\u00e9ndolo.<\/p>\n<p><strong>Cine<\/strong><br \/>\nAl leer que <a href=\"http:\/\/www.vayatele.com\/ficcion-internacional\/la-bbc-ofrece-los-guiones-de-algunas-de-sus-series-para-descargar\">la BBC ofrece guiones de alguna de sus series<\/a>, me pongo nost\u00e1lgica porque recuerdo que hace unos cuantos a\u00f1os, demasiados seguramente, me dedicaba a descargarme guiones de pel\u00edculas. Eso fue antes de YouTube, mucho antes de portales de alquiler\/descarga de pel\u00edculas, antes de imaginar que en un DVD cabr\u00eda una pel\u00edcula con el story y un mont\u00f3n de cosas m\u00e1s. Entonces, los guiones eran casi lo \u00fanico online que ten\u00edamos de las pel\u00edculas, junto con fotos de los actores. Casi no hab\u00eda webs de pel\u00edculas, ni mucho menos el tr\u00e1iler, y peor era tratar de localizar informaci\u00f3n de cine cl\u00e1sico. Los debo tener guardados en alg\u00fan diskette.<\/p>\n<p><strong>Internet<\/strong><br \/>\nTener que enterarme por <a href=\"http:\/\/www.facebook.com\/photo.php?fbid=279604815411107&amp;set=a.279604758744446.65545.194862790551977&amp;type=3&amp;theater\">un spot de Mediamarkt<\/a> de que Internet cumple 20 a\u00f1os tiene delito. Mucho. Pero sigo con la nostalgia y hago n\u00fameros y resulta que he compartido con la Red pr\u00e1cticamente toda su vida. Es cierto que al principio no me gustaba mucho porque hab\u00eda muy poca informaci\u00f3n pero eso, tambi\u00e9n, era antes de imaginar que yo podr\u00eda tener mi propio espacio ah\u00ed. Bueno, unos cuantos. En aquellos momentos esto de compartir era complicado, demasiado, pero as\u00ed aprend\u00ed algo de HTML porque sino era imposible encontrar a nadie con quien hablar. Ahora hay mucha m\u00e1s gente y no necesito m\u00e1s lenguaje que el de la escritura pero puede resultar igual de dif\u00edcil encontrar a algquien con quien hablar.<\/p>\n<p><strong>Publicidad<\/strong><br \/>\nDos anuncios me est\u00e1n gustando \u00faltimamente: <a href=\"http:\/\/www.youtube.com\/watch?v=NiDXs3RDPiM\">el de Gas Natural Fenosa<\/a> y <a href=\"http:\/\/www.youtube.com\/watch?v=oOOhkeHgOns\">el de Audi<\/a>. Aunque los dos son muy diferentes tienen algo en com\u00fan: quieres volver a verlos para darte cuenta de si te has dejado alg\u00fan detalle. El primero porque al estar basado tan descaradamente en \u00abEl sexto sentido\u00bb tiene su morbo ver c\u00f3mo lo han adaptado y si tambi\u00e9n dejan pistas de color rojo. El segundo porque la soluci\u00f3n viene al final pero tambi\u00e9n puede ser que haya otras por el camino que se te hayan pasado por alto. Lo \u00fanico bueno que tiene el primero y no el segundo es que me entran ganas de volver a ver la peli.<\/p>\n","protected":false},"excerpt":{"rendered":"<p>Televisi\u00f3n Que la F\u00f3rmula 1 cambiase de canal no me import\u00f3 porque la sigo viendo en el mismo sitio, en TV3. Pero que MotoGP pase de La1 a TeleCinco s\u00ed que me afecta. Ya me cost\u00f3 acostumbrarme a los \u00faltimos cambios y aunque el nuevo equipo tendr\u00e1 a comentaristas ya conocidos, me preocupa que conviertan [&hellip;]<\/p>\n","protected":false},"author":1,"featured_media":0,"comment_status":"open","ping_status":"open","sticky":false,"template":"","format":"standard","meta":{"_monsterinsights_skip_tracking":false,"_monsterinsights_sitenote_active":false,"_monsterinsights_sitenote_note":"","_monsterinsights_sitenote_category":0,"site-sidebar-layout":"default","site-content-layout":"","ast-site-content-layout":"default","site-content-style":"default","site-sidebar-style":"default","ast-global-header-display":"","ast-banner-title-visibility":"","ast-main-header-display":"","ast-hfb-above-header-display":"","ast-hfb-below-header-display":"","ast-hfb-mobile-header-display":"","site-post-title":"","ast-breadcrumbs-content":"","ast-featured-img":"","footer-sml-layout":"","ast-disable-related-posts":"","theme-transparent-header-meta":"","adv-header-id-meta":"","stick-header-meta":"","header-above-stick-meta":"","header-main-stick-meta":"","header-below-stick-meta":"","astra-migrate-meta-layouts":"default","ast-page-background-enabled":"default","ast-page-background-meta":{"desktop":{"background-color":"var(--ast-global-color-5)","background-image":"","background-repeat":"repeat","background-position":"center center","background-size":"auto","background-attachment":"scroll","background-type":"","background-media":"","overlay-type":"","overlay-color":"","overlay-opacity":"","overlay-gradient":""},"tablet":{"background-color":"","background-image":"","background-repeat":"repeat","background-position":"center center","background-size":"auto","background-attachment":"scroll","background-type":"","background-media":"","overlay-type":"","overlay-color":"","overlay-opacity":"","overlay-gradient":""},"mobile":{"background-color":"","background-image":"","background-repeat":"repeat","background-position":"center center","background-size":"auto","background-attachment":"scroll","background-type":"","background-media":"","overlay-type":"","overlay-color":"","overlay-opacity":"","overlay-gradient":""}},"ast-content-background-meta":{"desktop":{"background-color":"var(--ast-global-color-4)","background-image":"","background-repeat":"repeat","background-position":"center center","background-size":"auto","background-attachment":"scroll","background-type":"","background-media":"","overlay-type":"","overlay-color":"","overlay-opacity":"","overlay-gradient":""},"tablet":{"background-color":"var(--ast-global-color-4)","background-image":"","background-repeat":"repeat","background-position":"center center","background-size":"auto","background-attachment":"scroll","background-type":"","background-media":"","overlay-type":"","overlay-color":"","overlay-opacity":"","overlay-gradient":""},"mobile":{"background-color":"var(--ast-global-color-4)","background-image":"","background-repeat":"repeat","background-position":"center center","background-size":"auto","background-attachment":"scroll","background-type":"","background-media":"","overlay-type":"","overlay-color":"","overlay-opacity":"","overlay-gradient":""}},"footnotes":""},"categories":[4,5,2,3],"tags":[73,46,64,310,415,49,54],"class_list":["post-3946","post","type-post","status-publish","format-standard","hentry","category-cine","category-internet","category-publicidad","category-television","tag-cuatro","tag-deporte","tag-gas-natural","tag-guion-de-cine","tag-marcas-coches","tag-motociclismo","tag-telecinco"],"_links":{"self":[{"href":"https:\/\/www.evasanagustin.com\/workaholic\/wp-json\/wp\/v2\/posts\/3946","targetHints":{"allow":["GET"]}}],"collection":[{"href":"https:\/\/www.evasanagustin.com\/workaholic\/wp-json\/wp\/v2\/posts"}],"about":[{"href":"https:\/\/www.evasanagustin.com\/workaholic\/wp-json\/wp\/v2\/types\/post"}],"author":[{"embeddable":true,"href":"https:\/\/www.evasanagustin.com\/workaholic\/wp-json\/wp\/v2\/users\/1"}],"replies":[{"embeddable":true,"href":"https:\/\/www.evasanagustin.com\/workaholic\/wp-json\/wp\/v2\/comments?post=3946"}],"version-history":[{"count":7,"href":"https:\/\/www.evasanagustin.com\/workaholic\/wp-json\/wp\/v2\/posts\/3946\/revisions"}],"predecessor-version":[{"id":35977,"href":"https:\/\/www.evasanagustin.com\/workaholic\/wp-json\/wp\/v2\/posts\/3946\/revisions\/35977"}],"wp:attachment":[{"href":"https:\/\/www.evasanagustin.com\/workaholic\/wp-json\/wp\/v2\/media?parent=3946"}],"wp:term":[{"taxonomy":"category","embeddable":true,"href":"https:\/\/www.evasanagustin.com\/workaholic\/wp-json\/wp\/v2\/categories?post=3946"},{"taxonomy":"post_tag","embeddable":true,"href":"https:\/\/www.evasanagustin.com\/workaholic\/wp-json\/wp\/v2\/tags?post=3946"}],"curies":[{"name":"wp","href":"https:\/\/api.w.org\/{rel}","templated":true}]}}