{"id":3834,"date":"2011-08-24T19:08:45","date_gmt":"2011-08-24T17:08:45","guid":{"rendered":"http:\/\/www.evasanagustin.com\/workaholic\/?p=3834"},"modified":"2011-08-24T19:08:19","modified_gmt":"2011-08-24T17:08:19","slug":"media-news-s34-a11","status":"publish","type":"post","link":"https:\/\/www.evasanagustin.com\/workaholic\/2011\/08\/24\/media-news-s34-a11\/","title":{"rendered":"Media News S34 A11"},"content":{"rendered":"<p><strong>Televisi\u00f3n<\/strong><br \/>\nPodr\u00eda quejarme de que hoy se estrenen dos series a la misma hora y que las dos cadenas han decidido montar sus propios maratones emitiendo tres cap\u00edtulos seguidos. Pero prefiero comentar <a href=\"http:\/\/menea.me\/sum4\">dos<\/a> <a href=\"http:\/\/menea.me\/suz5\">noticias<\/a> interesantes que descubro por men\u00e9ame: 1\/ que la televisi\u00f3n de pago en Espa\u00f1a tiene ya <a href=\"http:\/\/www.diariosigloxxi.com\/texto-s\/mostrar\/32173\/la-television-de-pago-en-espana-supera-los-cinco-millones-de-abonados\">m\u00e1s de 5 millones de abonados<\/a> y 2\/ que la <a href=\"http:\/\/blogs.lainformacion.com\/telediaria\/2011\/08\/19\/la-gente-si-ve-los-grandes-documentales-de-la-2-de-tve\/\">audiencia de los documentales de La2<\/a> es mayor que otros programas de la misma franja. Interesantes por sorprendentes porque se habl\u00f3 mucho de la TDT de pago pero hace tiempo que no lleva a ning\u00fan lado y porque tambi\u00e9n se habl\u00f3 de la despedida de otros programas del mediod\u00eda y muchos pasaron por alto que no siempre eran l\u00edderes.<\/p>\n<p><strong>Cine<\/strong><br \/>\nLa cuarta pared. Hac\u00eda tiempo que no escuchaba <a href=\"http:\/\/www.blogdecine.com\/blogdecine\/cine-y-videojuegos-si-te-hablo-a-ti-rompiendo-la-cuarta-pared\">esa expresi\u00f3n<\/a>. Recuerdo haberla discutido varias veces en la carrera y a\u00fan de tanto en tanto veo pel\u00edculas en las que el actor mira o habla a c\u00e1mara pero sobretodo en pelis antiguas. Algunas parece que s\u00ed, que efectivamente est\u00e1 buscando una complicidad con el espectador haciendo evidente esa l\u00ednea imaginaria que es la pantalla. Otras, la mayor\u00eda para que negarlo, parecen errores ya no s\u00e9 si del montador o del director. Sea como sea, es una t\u00e9cnica m\u00e1s peligrosa que la c\u00e1mara subjetiva\u00a0 y se adentra en el terreno del metalenguaje que no a todos gusta. A mi me divierte.<\/p>\n<p><strong><\/strong><strong>Internet<\/strong><br \/>\nSiguen los cambios en Facebook, Twitter y Google+. Cada d\u00eda nuevas noticias que me hacen dudar de si tiene sentido seguirles el juego. Les dedicamos mucho tiempo, algunos demasiado, y ellos nos lo siguen poniendo dif\u00edcil. Ellos dir\u00edan que f\u00e1cil, muy f\u00e1cil. Pero ellos no piensan en nosotros tanto como en lo que les da de comer y su competencia. Lo mismo pasaba con la tele y mira d\u00f3nde est\u00e1n, troceados y fusion\u00e1ndose. En las redes sociales es a\u00fan peor porque el pastel es m\u00e1s grande, mucho m\u00e1s grande dir\u00eda\u00a0 yo porque no hablamos de un pa\u00eds sino del mundo que pasa conectado demasiadas horas al d\u00eda.<\/p>\n<p><strong>Publicidad<\/strong><br \/>\nUn poco de humor para acabar con esta divertida <a href=\"https:\/\/lh4.googleusercontent.com\/-_ubz9fWHc-M\/TlSEkr6d6EI\/AAAAAAAAC5s\/xbjIOYwoNTY\/miamiadschool1.jpg\">lista de 20 cosas<\/a> que la gente m\u00e1s odia en publicidad a la que llego desde <a href=\"http:\/\/twitter.com\/#!\/PilarMillan\/statuses\/106348626636316672\">el tuit de Pilar Mill\u00e1n<\/a>. Pues s\u00ed, todas o casi todas son odiosas pr\u00e1cticas publicitarias. Y si repasas lo que has visto \u00faltimamente te dar\u00e1s cuenta que la mayor\u00eda es as\u00ed. No obstante, si en lugar de recordar la mala experiencia, recuerdas alguna buena ver\u00e1s como tambi\u00e9n hay una parte que utiliza esos odiosos recursos para llegar hasta ti, y lo consiguen. Por lo tanto, no es que la publicidad sea odiosa, sino el mal uso que se da de ella es lo que puede acabar disgustando a los usuarios que no son target.<\/p>\n","protected":false},"excerpt":{"rendered":"<p>Televisi\u00f3n Podr\u00eda quejarme de que hoy se estrenen dos series a la misma hora y que las dos cadenas han decidido montar sus propios maratones emitiendo tres cap\u00edtulos seguidos. Pero prefiero comentar dos noticias interesantes que descubro por men\u00e9ame: 1\/ que la televisi\u00f3n de pago en Espa\u00f1a tiene ya m\u00e1s de 5 millones de abonados [&hellip;]<\/p>\n","protected":false},"author":1,"featured_media":0,"comment_status":"open","ping_status":"open","sticky":false,"template":"","format":"standard","meta":{"_monsterinsights_skip_tracking":false,"_monsterinsights_sitenote_active":false,"_monsterinsights_sitenote_note":"","_monsterinsights_sitenote_category":0,"site-sidebar-layout":"default","site-content-layout":"","ast-site-content-layout":"default","site-content-style":"default","site-sidebar-style":"default","ast-global-header-display":"","ast-banner-title-visibility":"","ast-main-header-display":"","ast-hfb-above-header-display":"","ast-hfb-below-header-display":"","ast-hfb-mobile-header-display":"","site-post-title":"","ast-breadcrumbs-content":"","ast-featured-img":"","footer-sml-layout":"","ast-disable-related-posts":"","theme-transparent-header-meta":"","adv-header-id-meta":"","stick-header-meta":"","header-above-stick-meta":"","header-main-stick-meta":"","header-below-stick-meta":"","astra-migrate-meta-layouts":"default","ast-page-background-enabled":"default","ast-page-background-meta":{"desktop":{"background-color":"var(--ast-global-color-5)","background-image":"","background-repeat":"repeat","background-position":"center center","background-size":"auto","background-attachment":"scroll","background-type":"","background-media":"","overlay-type":"","overlay-color":"","overlay-opacity":"","overlay-gradient":""},"tablet":{"background-color":"","background-image":"","background-repeat":"repeat","background-position":"center center","background-size":"auto","background-attachment":"scroll","background-type":"","background-media":"","overlay-type":"","overlay-color":"","overlay-opacity":"","overlay-gradient":""},"mobile":{"background-color":"","background-image":"","background-repeat":"repeat","background-position":"center center","background-size":"auto","background-attachment":"scroll","background-type":"","background-media":"","overlay-type":"","overlay-color":"","overlay-opacity":"","overlay-gradient":""}},"ast-content-background-meta":{"desktop":{"background-color":"var(--ast-global-color-4)","background-image":"","background-repeat":"repeat","background-position":"center center","background-size":"auto","background-attachment":"scroll","background-type":"","background-media":"","overlay-type":"","overlay-color":"","overlay-opacity":"","overlay-gradient":""},"tablet":{"background-color":"var(--ast-global-color-4)","background-image":"","background-repeat":"repeat","background-position":"center center","background-size":"auto","background-attachment":"scroll","background-type":"","background-media":"","overlay-type":"","overlay-color":"","overlay-opacity":"","overlay-gradient":""},"mobile":{"background-color":"var(--ast-global-color-4)","background-image":"","background-repeat":"repeat","background-position":"center center","background-size":"auto","background-attachment":"scroll","background-type":"","background-media":"","overlay-type":"","overlay-color":"","overlay-opacity":"","overlay-gradient":""}},"footnotes":""},"categories":[4,5,2,3],"tags":[128,108,123,121,432],"class_list":["post-3834","post","type-post","status-publish","format-standard","hentry","category-cine","category-internet","category-publicidad","category-television","tag-cine-clasico","tag-creatividad-en-publicidad","tag-efectividad-de-la-publicidad","tag-historia-del-cine","tag-television-de-pago"],"_links":{"self":[{"href":"https:\/\/www.evasanagustin.com\/workaholic\/wp-json\/wp\/v2\/posts\/3834","targetHints":{"allow":["GET"]}}],"collection":[{"href":"https:\/\/www.evasanagustin.com\/workaholic\/wp-json\/wp\/v2\/posts"}],"about":[{"href":"https:\/\/www.evasanagustin.com\/workaholic\/wp-json\/wp\/v2\/types\/post"}],"author":[{"embeddable":true,"href":"https:\/\/www.evasanagustin.com\/workaholic\/wp-json\/wp\/v2\/users\/1"}],"replies":[{"embeddable":true,"href":"https:\/\/www.evasanagustin.com\/workaholic\/wp-json\/wp\/v2\/comments?post=3834"}],"version-history":[{"count":3,"href":"https:\/\/www.evasanagustin.com\/workaholic\/wp-json\/wp\/v2\/posts\/3834\/revisions"}],"predecessor-version":[{"id":3837,"href":"https:\/\/www.evasanagustin.com\/workaholic\/wp-json\/wp\/v2\/posts\/3834\/revisions\/3837"}],"wp:attachment":[{"href":"https:\/\/www.evasanagustin.com\/workaholic\/wp-json\/wp\/v2\/media?parent=3834"}],"wp:term":[{"taxonomy":"category","embeddable":true,"href":"https:\/\/www.evasanagustin.com\/workaholic\/wp-json\/wp\/v2\/categories?post=3834"},{"taxonomy":"post_tag","embeddable":true,"href":"https:\/\/www.evasanagustin.com\/workaholic\/wp-json\/wp\/v2\/tags?post=3834"}],"curies":[{"name":"wp","href":"https:\/\/api.w.org\/{rel}","templated":true}]}}