{"id":36225,"date":"2026-08-31T08:08:00","date_gmt":"2026-08-31T06:08:00","guid":{"rendered":"https:\/\/www.evasanagustin.com\/workaholic\/?p=36225"},"modified":"2026-08-31T08:13:52","modified_gmt":"2026-08-31T06:13:52","slug":"vender-o-ensenar-el-arquetipo-sabio-para-convertir-conocimiento-en-confianza","status":"publish","type":"post","link":"https:\/\/www.evasanagustin.com\/workaholic\/2026\/08\/31\/vender-o-ensenar-el-arquetipo-sabio-para-convertir-conocimiento-en-confianza\/","title":{"rendered":"\u00bfVender o ense\u00f1ar? El arquetipo sabio para convertir conocimiento en confianza"},"content":{"rendered":"\n<blockquote class=\"wp-block-quote is-layout-flow wp-block-quote-is-layout-flow\">\n<p class=\"wp-block-paragraph\">Este es el octavo de los 12 posts que voy a dedicar a los arquetipos como v\u00eda para definir y expresar la <strong>personalidad de marca<\/strong>. Sobre ella gira <a href=\"https:\/\/www.evasanagustin.com\/redacciondecontenidos\/\">mi nuevo libro<\/a>, as\u00ed que durante 2026 este blog estar\u00e1 dedicado casi en exclusiva a este tema.<\/p>\n<\/blockquote>\n\n\n\n<p class=\"wp-block-paragraph\">En <strong>septiembre<\/strong>, vuelve la rutina. Vuelta al cole. Vuelven las preguntas que requieren algo m\u00e1s que una respuesta r\u00e1pida: qu\u00e9 hacer, en qu\u00e9 invertir, c\u00f3mo mejorar, por d\u00f3nde empezar.<\/p>\n\n\n\n<p class=\"wp-block-paragraph\">Las <strong>marcas sabias<\/strong> se hacen estas preguntas todo el a\u00f1o. Tienen capacidad para la reflexi\u00f3n y el an\u00e1lisis, para explicar y ayudar a comprender. Investigan, comparten conocimiento y convierten lo complejo en sencillo y, m\u00e1s importante a\u00fan, en \u00fatil. Porque \u201csaber\u201d es ayudar a otros a interpretar los datos y tomar mejores decisiones.<\/p>\n\n\n\n<p class=\"wp-block-paragraph\"><strong>Iberdrola<\/strong> es un buen ejemplo de marca sabia dentro del sector energ\u00e9tico. Su discurso se apoya en la innovaci\u00f3n, la electrificaci\u00f3n y la sostenibilidad, con la voluntad de anticipar los retos de la transici\u00f3n energ\u00e9tica y explicar las soluciones que propone. Construye una posici\u00f3n basada en el conocimiento y ayuda a interpretar los cambios del sector.<\/p>\n\n\n\n<p class=\"wp-block-paragraph\">Otras marcas del sector utilizan arquetipos secundarios distintos para diferenciar su comunicaci\u00f3n:<\/p>\n\n\n\n<ul class=\"wp-block-list\">\n<li><strong>Iberdrola<\/strong> encarna al sabio al poner el conocimiento, la innovaci\u00f3n y la visi\u00f3n de futuro en el centro de su relato.<\/li>\n\n\n\n<li><strong>Repsol<\/strong> se acerca al gobernante: proyecta capacidad de decisi\u00f3n, estructura y control mediante su posicionamiento como integradora de soluciones para distintos p\u00fablicos y necesidades.<\/li>\n\n\n\n<li><strong>Endesa<\/strong> se acerca a la persona corriente: busca mostrarse pr\u00f3xima, accesible y conectada con las necesidades cotidianas de las personas.<\/li>\n<\/ul>\n\n\n\n<p class=\"wp-block-paragraph\">En septiembre, puedes aplicar el <strong>marketing de contenidos<\/strong> y hacer tu arquetipo m\u00e1s sabio de tres formas:<\/p>\n\n\n\n<ul class=\"wp-block-list\">\n<li><strong>Explica antes de vender:<\/strong> convierte las dudas frecuentes de tu audiencia en contenidos que respondan con claridad: art\u00edculos de blog, gu\u00edas, newsletters, v\u00eddeos, estudios, plantillas o recursos descargables. Si tu producto resuelve un problema, ense\u00f1a primero a entenderlo.<\/li>\n\n\n\n<li><strong>Sustituye la opini\u00f3n por el criterio<\/strong>: haz marketing de contenidos desde la experiencia, no desde la repetici\u00f3n de lo que ya han dicho otros. A\u00f1ade datos, metodolog\u00eda, casos, ejemplos y matices. La autoridad se construye cuando el lector entiende por qu\u00e9 puede confiar en ti.<\/li>\n\n\n\n<li><strong>Haz \u00fatil lo complejo:<\/strong> ordena la informaci\u00f3n para que otras personas puedan tomar mejores decisiones. Usa tus contenidos para traducir conceptos t\u00e9cnicos, evitar la jerga innecesaria y proponer acciones concretas.<\/li>\n<\/ul>\n\n\n\n<iframe loading=\"lazy\" src=\"https:\/\/www.linkedin.com\/embed\/feed\/update\/urn:li:share:7498340281705209856?collapsed=1\" height=\"635\" width=\"504\" frameborder=\"0\" allowfullscreen=\"\" title=\"Publicaci\u00f3n integrada\"><\/iframe>\n\n\n\n<p class=\"wp-block-paragraph\">El mes que viene estar\u00e1 dedicado al arquetipo del mago. Si quieres saber m\u00e1s antes, lo tienes todo en mi libro \u00ab<a href=\"https:\/\/www.evasanagustin.com\/redacciondecontenidos\/\" target=\"_blank\" rel=\"noreferrer noopener\">Redacci\u00f3n de contenidos: define y expresa tu personalidad de marca<\/a>\u00ab.<\/p>\n\n\n\n<blockquote class=\"wp-block-quote is-layout-flow wp-block-quote-is-layout-flow\">\n<p class=\"wp-block-paragraph\">Si no quieres perderte los pr\u00f3ximos arquetipos, ap\u00fantate a <a href=\"https:\/\/www.marketingdecontenidos.es\/newsletter\/\">mi newsletter<\/a>.<\/p>\n<\/blockquote>\n\n\n\n<figure class=\"wp-block-image size-full is-resized\"><a href=\"https:\/\/www.evasanagustin.com\/redacciondecontenidos\/\"><img loading=\"lazy\" decoding=\"async\" width=\"1200\" height=\"405\" src=\"https:\/\/www.evasanagustin.com\/workaholic\/wp-content\/uploads\/2026\/03\/banner-pie.png\" alt=\"\" class=\"wp-image-36133\" style=\"aspect-ratio:2.9595028946297304;width:1056px;height:auto\" srcset=\"https:\/\/www.evasanagustin.com\/workaholic\/wp-content\/uploads\/2026\/03\/banner-pie.png 1200w, https:\/\/www.evasanagustin.com\/workaholic\/wp-content\/uploads\/2026\/03\/banner-pie-300x101.png 300w, https:\/\/www.evasanagustin.com\/workaholic\/wp-content\/uploads\/2026\/03\/banner-pie-1024x346.png 1024w, https:\/\/www.evasanagustin.com\/workaholic\/wp-content\/uploads\/2026\/03\/banner-pie-768x259.png 768w\" sizes=\"auto, (max-width: 1200px) 100vw, 1200px\" \/><\/a><\/figure>\n","protected":false},"excerpt":{"rendered":"<p>Este es el octavo de los 12 posts que voy a dedicar a los arquetipos como v\u00eda para definir y expresar la personalidad de marca. Sobre ella gira mi nuevo libro, as\u00ed que durante 2026 este blog estar\u00e1 dedicado casi en exclusiva a este tema. En septiembre, vuelve la rutina. Vuelta al cole. Vuelven las [&hellip;]<\/p>\n","protected":false},"author":1,"featured_media":0,"comment_status":"open","ping_status":"open","sticky":false,"template":"","format":"standard","meta":{"_monsterinsights_skip_tracking":false,"site-sidebar-layout":"default","site-content-layout":"","ast-site-content-layout":"default","site-content-style":"default","site-sidebar-style":"default","ast-global-header-display":"","ast-banner-title-visibility":"","ast-main-header-display":"","ast-hfb-above-header-display":"","ast-hfb-below-header-display":"","ast-hfb-mobile-header-display":"","site-post-title":"","ast-breadcrumbs-content":"","ast-featured-img":"","footer-sml-layout":"","ast-disable-related-posts":"","theme-transparent-header-meta":"","adv-header-id-meta":"","stick-header-meta":"","header-above-stick-meta":"","header-main-stick-meta":"","header-below-stick-meta":"","astra-migrate-meta-layouts":"default","ast-page-background-enabled":"default","ast-page-background-meta":{"desktop":{"background-color":"var(--ast-global-color-5)","background-image":"","background-repeat":"repeat","background-position":"center center","background-size":"auto","background-attachment":"scroll","background-type":"","background-media":"","overlay-type":"","overlay-color":"","overlay-opacity":"","overlay-gradient":""},"tablet":{"background-color":"","background-image":"","background-repeat":"repeat","background-position":"center center","background-size":"auto","background-attachment":"scroll","background-type":"","background-media":"","overlay-type":"","overlay-color":"","overlay-opacity":"","overlay-gradient":""},"mobile":{"background-color":"","background-image":"","background-repeat":"repeat","background-position":"center center","background-size":"auto","background-attachment":"scroll","background-type":"","background-media":"","overlay-type":"","overlay-color":"","overlay-opacity":"","overlay-gradient":""}},"ast-content-background-meta":{"desktop":{"background-color":"var(--ast-global-color-4)","background-image":"","background-repeat":"repeat","background-position":"center center","background-size":"auto","background-attachment":"scroll","background-type":"","background-media":"","overlay-type":"","overlay-color":"","overlay-opacity":"","overlay-gradient":""},"tablet":{"background-color":"var(--ast-global-color-4)","background-image":"","background-repeat":"repeat","background-position":"center center","background-size":"auto","background-attachment":"scroll","background-type":"","background-media":"","overlay-type":"","overlay-color":"","overlay-opacity":"","overlay-gradient":""},"mobile":{"background-color":"var(--ast-global-color-4)","background-image":"","background-repeat":"repeat","background-position":"center center","background-size":"auto","background-attachment":"scroll","background-type":"","background-media":"","overlay-type":"","overlay-color":"","overlay-opacity":"","overlay-gradient":""}},"footnotes":""},"categories":[465],"tags":[589,571],"class_list":["post-36225","post","type-post","status-publish","format-standard","hentry","category-estrategia-de-contenidos","tag-mistica-de-los-contenidos","tag-personalidad-de-marca"],"_links":{"self":[{"href":"https:\/\/www.evasanagustin.com\/workaholic\/wp-json\/wp\/v2\/posts\/36225","targetHints":{"allow":["GET"]}}],"collection":[{"href":"https:\/\/www.evasanagustin.com\/workaholic\/wp-json\/wp\/v2\/posts"}],"about":[{"href":"https:\/\/www.evasanagustin.com\/workaholic\/wp-json\/wp\/v2\/types\/post"}],"author":[{"embeddable":true,"href":"https:\/\/www.evasanagustin.com\/workaholic\/wp-json\/wp\/v2\/users\/1"}],"replies":[{"embeddable":true,"href":"https:\/\/www.evasanagustin.com\/workaholic\/wp-json\/wp\/v2\/comments?post=36225"}],"version-history":[{"count":3,"href":"https:\/\/www.evasanagustin.com\/workaholic\/wp-json\/wp\/v2\/posts\/36225\/revisions"}],"predecessor-version":[{"id":36229,"href":"https:\/\/www.evasanagustin.com\/workaholic\/wp-json\/wp\/v2\/posts\/36225\/revisions\/36229"}],"wp:attachment":[{"href":"https:\/\/www.evasanagustin.com\/workaholic\/wp-json\/wp\/v2\/media?parent=36225"}],"wp:term":[{"taxonomy":"category","embeddable":true,"href":"https:\/\/www.evasanagustin.com\/workaholic\/wp-json\/wp\/v2\/categories?post=36225"},{"taxonomy":"post_tag","embeddable":true,"href":"https:\/\/www.evasanagustin.com\/workaholic\/wp-json\/wp\/v2\/tags?post=36225"}],"curies":[{"name":"wp","href":"https:\/\/api.w.org\/{rel}","templated":true}]}}