{"id":36130,"date":"2026-03-30T08:08:00","date_gmt":"2026-03-30T06:08:00","guid":{"rendered":"https:\/\/www.evasanagustin.com\/workaholic\/?p=36130"},"modified":"2026-03-30T09:20:31","modified_gmt":"2026-03-30T07:20:31","slug":"correccion-o-risas-el-arquetipo-bufon-como-estrategia-seria-para-destacar","status":"publish","type":"post","link":"https:\/\/www.evasanagustin.com\/workaholic\/2026\/03\/30\/correccion-o-risas-el-arquetipo-bufon-como-estrategia-seria-para-destacar\/","title":{"rendered":"\u00bfCorrecci\u00f3n o risas? El arquetipo buf\u00f3n como estrategia seria para destacar"},"content":{"rendered":"\n<blockquote class=\"wp-block-quote is-layout-flow wp-block-quote-is-layout-flow\">\n<p>Este es el tercero de los 12 posts que voy a dedicar a los arquetipos como v\u00eda para definir y expresar la <strong>personalidad de marca<\/strong>. Sobre ella gira <a href=\"https:\/\/www.evasanagustin.com\/redacciondecontenidos\/\">mi nuevo libro<\/a>, as\u00ed que durante 2026 este blog estar\u00e1 dedicado casi en exclusiva a este tema.<\/p>\n<\/blockquote>\n\n\n\n<p><strong>Abril<\/strong> arranca con el esp\u00edritu del April\u2019s Fool, aunque aqu\u00ed no sea tradicional celebrarlo, pero s\u00ed sirve para recordarnos que re\u00edr es una forma de mantenernos conectados. Superada la astenia primaveral, el color vuelve a nuestras vidas y los d\u00edas se alargan, creando el ambiente perfecto para sonre\u00edr y dejar de lado la correcci\u00f3n y el aburrimiento que nos puede hacer invisibles a ojos de nuestra audiencia.<\/p>\n\n\n\n<p>La misi\u00f3n del <strong>arquetipo del buf\u00f3n<\/strong> es combatir esa indiferencia con su espontaneidad. Lo hace todo el a\u00f1o, claro, pero en abril las personas est\u00e1n m\u00e1s receptivas a marcas capaces de decir verdades inc\u00f3modas con simpat\u00eda y humor inteligente. Quieren entretener, sin caer en la falta de respeto y sin quedarse en la superficie. Es perfecto para marcas que quieren expresar su prop\u00f3sito con cercan\u00eda, sin solemnidad.<\/p>\n\n\n\n<p><strong>Lidl<\/strong> es un buen ejemplo de humor con control que aprovecha la actualidad, como <a href=\"https:\/\/www.instagram.com\/p\/DV3FheuFWQn\/\">su post sobre los Oscars<\/a>, y hace <a href=\"https:\/\/www.instagram.com\/p\/DVai_60mRZk\/\">juegos de palabras<\/a> siempre que puede para sacarnos una sonrisa. Sus campa\u00f1as retratan <a href=\"https:\/\/www.instagram.com\/p\/DVbFVb5lcwL\/\">lo cotidiano<\/a> bajo su lema \u201c<a href=\"https:\/\/empresa.lidl.es\/sala-de-prensa\/actualidad-lidl\/lidl-afianza-su-presencia-global-con-la-campana-lidl-vale-la-pena\">Lidl vale la pena<\/a>\u201d, pero con la voz ingeniosa que define la marca. Su estilo es desenfadado, pero se nota una coherencia en la estrategia que no se puede improvisar.<\/p>\n\n\n\n<p>Para compararla con <strong>otras marcas con las que comparte arquetipo<\/strong>, podemos fijarnos en los secundarios:<\/p>\n\n\n\n<ul class=\"wp-block-list\">\n<li><strong>Lidl<\/strong> se combina con el hombre corriente, con un humor m\u00e1s cercano centrado en la vida pr\u00e1ctica.<\/li>\n\n\n\n<li><strong>Wallapop <\/strong>se combina con el explorador, con <a href=\"https:\/\/www.instagram.com\/p\/DVOAb8JjVTE\/\">una iron\u00eda m\u00e1s ligera<\/a> que nace de celebrar con lo que se encuentra.<\/li>\n\n\n\n<li><strong>Burger King <\/strong>se combina con el rebelde, con <a href=\"https:\/\/www.instagram.com\/p\/DVJeJsWjCbZ\/\">m\u00e1s sarcasmo y desaf\u00edo<\/a> (tambi\u00e9n directo a la competencia), m\u00e1s por provocar que por buscar simpat\u00eda.<\/li>\n<\/ul>\n\n\n\n<p>Abril es el mes del humor y puedes incluirlo en tus contenidos para salir de la rutina de tres formas:<\/p>\n\n\n\n<ul class=\"wp-block-list\">\n<li><strong>Espontaneidad<\/strong>: date espacio para reaccionar creativamente a la actualidad con un toque de humor, no solo para informar.<\/li>\n\n\n\n<li><strong>Exageraci\u00f3n<\/strong>: re\u00edrse de las verdades m\u00e1s cotidianas puede ser sanador y reflejar frescura y autocr\u00edtica sin perder credibilidad corporativa.<\/li>\n\n\n\n<li><strong>Optimismo<\/strong>: incluir piezas ligeras con mensajes que contagien ganas de vivir es un valor que alegr\u00eda el d\u00eda a la audiencia porque aporta un respiro.<\/li>\n<\/ul>\n\n\n\n<p>El mes que viene estar\u00e1 dedicado al arquetipo del cuidador. Si quieres saber m\u00e1s antes, puedes descargar el ebook \u201c<a href=\"https:\/\/www.marketingdecontenidos.es\/biblioteca\/descubre-tu-personalidad-de-marca\/\">Gu\u00eda de personalidad<\/a>\u201d o leer mi libro \u201c<a href=\"https:\/\/www.evasanagustin.com\/redacciondecontenidos\/\">Redacci\u00f3n de contenidos: define y expresa tu personalidad de marca<\/a>\u201d.<\/p>\n\n\n\n<blockquote class=\"wp-block-quote is-layout-flow wp-block-quote-is-layout-flow\">\n<p>\u00bfY c\u00f3mo ser\u00eda este mismo post <strong>versi\u00f3n arquetipo buf\u00f3n<\/strong>? \u00bfEncuentras las diferencias?<\/p>\n<\/blockquote>\n\n\n\n<iframe loading=\"lazy\" src=\"https:\/\/www.linkedin.com\/embed\/feed\/update\/urn:li:share:7440375938963505152?collapsed=1\" height=\"635\" width=\"504\" frameborder=\"0\" allowfullscreen=\"\" title=\"Publicaci\u00f3n integrada\"><\/iframe>\n\n\n\n<p>\u00a1Abril ya est\u00e1 aqu\u00ed! Los que celebran el April&#8217;s Fool nos recuerdan que una buena risa nos mantiene vivos y, aunque en Espa\u00f1a no sea fiesta nacional, el esp\u00edritu nos pega igual. Superada la astenia primaveral (\u00bfo todav\u00eda arrastramos mantita?), el color inunda la calle y los d\u00edas piden planazo. Momento perfecto para que las marcas dejen de ser tan <em>correctitas<\/em> y combatan el peor pecado: <strong>ser invisibles por puro aburrimiento<\/strong>.<\/p>\n\n\n\n<p>El <strong>buf\u00f3n<\/strong> no se anda con chiquitas: su misi\u00f3n es <strong>salvarnos del bostezo colectivo<\/strong> con espontaneidad y verdades dichas con gui\u00f1o. Funciona 365 d\u00edas, pero en abril somos p\u00fablico f\u00e1cil: queremos marcas que nos hagan sonre\u00edr mientras nos dicen algo con fondo. Sin caer en lo zafio ni quedarse en chiste f\u00e1cil. Si tu marca quiere conectar de verdad, sin postureo solemne, el buf\u00f3n es tu jugada maestra.<\/p>\n\n\n\n<p><strong>Lidl<\/strong> lo clava. Mira <a href=\"https:\/\/www.instagram.com\/p\/DV3FheuFWQn\/\" target=\"_blank\" rel=\"noreferrer noopener\">su post de los Oscars<\/a> \u00a1toma golpe de actualidad!, sus <a href=\"https:\/\/www.instagram.com\/p\/DVai_60mRZk\/\" target=\"_blank\" rel=\"noreferrer noopener\">juegos de palabras<\/a> o c\u00f3mo retratan <a href=\"https:\/\/www.instagram.com\/p\/DVbFVb5lcwL\/\" target=\"_blank\" rel=\"noreferrer noopener\">lo cotidiano<\/a> bajo el lema <a href=\"https:\/\/empresa.lidl.es\/sala-de-prensa\/actualidad-lidl\/lidl-afianza-su-presencia-global-con-la-campana-lidl-vale-la-pena\" target=\"_blank\" rel=\"noreferrer noopener\"><strong>Lidl vale la pena<\/strong><\/a>. Desenfado total, pero ojo: detr\u00e1s hay estrategia tan medida como sus precios. No es improvisaci\u00f3n loca, es humor con control.<\/p>\n\n\n\n<p>\u00bfY las otras marcas bufonas? F\u00edjate en sus <em>secretos secundarios<\/em>:<\/p>\n\n\n\n<ul class=\"wp-block-list\">\n<li><strong>Lidl + Hombre corriente<\/strong>: humor de barrio, pr\u00e1ctico y sin alardes.<\/li>\n\n\n\n<li><strong>Wallapop + Explorador<\/strong>: <a href=\"https:\/\/www.instagram.com\/p\/DVOAb8JjVTE\/\" target=\"_blank\" rel=\"noreferrer noopener\">iron\u00eda cazatesoros<\/a> que flipa con lo que la gente vende.<\/li>\n\n\n\n<li><strong>Burger King + Rebelde<\/strong>: <a href=\"https:\/\/www.instagram.com\/p\/DVJeJsWjCbZ\/\" target=\"_blank\" rel=\"noreferrer noopener\">sarcasmo nivel experto<\/a>, pinchazos a McDonald&#8217;s incluidos. Provocan porque pueden.<\/li>\n<\/ul>\n\n\n\n<p><strong>Tres trucos buf\u00f3nicos para abril<\/strong> (\u00a1coge papel y l\u00e1piz!):<\/p>\n\n\n\n<ul class=\"wp-block-list\">\n<li><strong>Espontaneidad<\/strong>: \u00a1reacciona ya! La actualidad pide tu meme o tu <em>pullita<\/em> ingeniosa, no otro post informativo.<\/li>\n\n\n\n<li><strong>Exageraci\u00f3n<\/strong>: haz re\u00edr a tu gente con sus verdades diarias. Autocr\u00edtica + frescura = credibilidad con sonrisa.<\/li>\n\n\n\n<li><strong>Optimismo<\/strong>: una pieza ligera que les saque el \u00ab\u00a1uy, qu\u00e9 bueno!\u00bb alegra m\u00e1s que mil mensajes serios.<\/li>\n<\/ul>\n\n\n\n<p>El mes que viene toca <strong>cuidador<\/strong> (\u00a1prep\u00e1rate para el D\u00eda de la Madre!). Mientras, desc\u00e1rgate la <a href=\"https:\/\/www.marketingdecontenidos.es\/biblioteca\/descubre-tu-personalidad-de-marca\/\" target=\"_blank\" rel=\"noreferrer noopener\"><strong>Gu\u00eda de personalidad<\/strong><\/a> o p\u00e1sate por mi libro <a href=\"https:\/\/www.evasanagustin.com\/redacciondecontenidos\/\" target=\"_blank\" rel=\"noreferrer noopener\"><strong>Redacci\u00f3n de contenidos<\/strong><\/a>.<\/p>\n\n\n\n<blockquote class=\"wp-block-quote is-layout-flow wp-block-quote-is-layout-flow\">\n<p>Si no quieres perderte los pr\u00f3ximos arquetipos, ap\u00fantate a <a href=\"https:\/\/www.marketingdecontenidos.es\/newsletter\/\">mi newsletter<\/a>.<\/p>\n<\/blockquote>\n\n\n\n<figure class=\"wp-block-image size-full is-resized\"><a href=\"https:\/\/www.evasanagustin.com\/redacciondecontenidos\/\"><img loading=\"lazy\" decoding=\"async\" width=\"1200\" height=\"405\" src=\"https:\/\/www.evasanagustin.com\/workaholic\/wp-content\/uploads\/2026\/03\/banner-pie.png\" alt=\"\" class=\"wp-image-36133\" style=\"aspect-ratio:2.9595028946297304;width:1056px;height:auto\" srcset=\"https:\/\/www.evasanagustin.com\/workaholic\/wp-content\/uploads\/2026\/03\/banner-pie.png 1200w, https:\/\/www.evasanagustin.com\/workaholic\/wp-content\/uploads\/2026\/03\/banner-pie-300x101.png 300w, https:\/\/www.evasanagustin.com\/workaholic\/wp-content\/uploads\/2026\/03\/banner-pie-1024x346.png 1024w, https:\/\/www.evasanagustin.com\/workaholic\/wp-content\/uploads\/2026\/03\/banner-pie-768x259.png 768w\" sizes=\"auto, (max-width: 1200px) 100vw, 1200px\" \/><\/a><\/figure>\n","protected":false},"excerpt":{"rendered":"<p>Este es el tercero de los 12 posts que voy a dedicar a los arquetipos como v\u00eda para definir y expresar la personalidad de marca. Sobre ella gira mi nuevo libro, as\u00ed que durante 2026 este blog estar\u00e1 dedicado casi en exclusiva a este tema. Abril arranca con el esp\u00edritu del April\u2019s Fool, aunque aqu\u00ed [&hellip;]<\/p>\n","protected":false},"author":1,"featured_media":0,"comment_status":"open","ping_status":"open","sticky":false,"template":"","format":"standard","meta":{"_monsterinsights_skip_tracking":false,"_monsterinsights_sitenote_active":false,"_monsterinsights_sitenote_note":"","_monsterinsights_sitenote_category":0,"site-sidebar-layout":"default","site-content-layout":"","ast-site-content-layout":"default","site-content-style":"default","site-sidebar-style":"default","ast-global-header-display":"","ast-banner-title-visibility":"","ast-main-header-display":"","ast-hfb-above-header-display":"","ast-hfb-below-header-display":"","ast-hfb-mobile-header-display":"","site-post-title":"","ast-breadcrumbs-content":"","ast-featured-img":"","footer-sml-layout":"","ast-disable-related-posts":"","theme-transparent-header-meta":"","adv-header-id-meta":"","stick-header-meta":"","header-above-stick-meta":"","header-main-stick-meta":"","header-below-stick-meta":"","astra-migrate-meta-layouts":"default","ast-page-background-enabled":"default","ast-page-background-meta":{"desktop":{"background-color":"var(--ast-global-color-5)","background-image":"","background-repeat":"repeat","background-position":"center center","background-size":"auto","background-attachment":"scroll","background-type":"","background-media":"","overlay-type":"","overlay-color":"","overlay-opacity":"","overlay-gradient":""},"tablet":{"background-color":"","background-image":"","background-repeat":"repeat","background-position":"center center","background-size":"auto","background-attachment":"scroll","background-type":"","background-media":"","overlay-type":"","overlay-color":"","overlay-opacity":"","overlay-gradient":""},"mobile":{"background-color":"","background-image":"","background-repeat":"repeat","background-position":"center center","background-size":"auto","background-attachment":"scroll","background-type":"","background-media":"","overlay-type":"","overlay-color":"","overlay-opacity":"","overlay-gradient":""}},"ast-content-background-meta":{"desktop":{"background-color":"var(--ast-global-color-4)","background-image":"","background-repeat":"repeat","background-position":"center center","background-size":"auto","background-attachment":"scroll","background-type":"","background-media":"","overlay-type":"","overlay-color":"","overlay-opacity":"","overlay-gradient":""},"tablet":{"background-color":"var(--ast-global-color-4)","background-image":"","background-repeat":"repeat","background-position":"center center","background-size":"auto","background-attachment":"scroll","background-type":"","background-media":"","overlay-type":"","overlay-color":"","overlay-opacity":"","overlay-gradient":""},"mobile":{"background-color":"var(--ast-global-color-4)","background-image":"","background-repeat":"repeat","background-position":"center center","background-size":"auto","background-attachment":"scroll","background-type":"","background-media":"","overlay-type":"","overlay-color":"","overlay-opacity":"","overlay-gradient":""}},"footnotes":""},"categories":[465],"tags":[589,571],"class_list":["post-36130","post","type-post","status-publish","format-standard","hentry","category-estrategia-de-contenidos","tag-mistica-de-los-contenidos","tag-personalidad-de-marca"],"_links":{"self":[{"href":"https:\/\/www.evasanagustin.com\/workaholic\/wp-json\/wp\/v2\/posts\/36130","targetHints":{"allow":["GET"]}}],"collection":[{"href":"https:\/\/www.evasanagustin.com\/workaholic\/wp-json\/wp\/v2\/posts"}],"about":[{"href":"https:\/\/www.evasanagustin.com\/workaholic\/wp-json\/wp\/v2\/types\/post"}],"author":[{"embeddable":true,"href":"https:\/\/www.evasanagustin.com\/workaholic\/wp-json\/wp\/v2\/users\/1"}],"replies":[{"embeddable":true,"href":"https:\/\/www.evasanagustin.com\/workaholic\/wp-json\/wp\/v2\/comments?post=36130"}],"version-history":[{"count":3,"href":"https:\/\/www.evasanagustin.com\/workaholic\/wp-json\/wp\/v2\/posts\/36130\/revisions"}],"predecessor-version":[{"id":36170,"href":"https:\/\/www.evasanagustin.com\/workaholic\/wp-json\/wp\/v2\/posts\/36130\/revisions\/36170"}],"wp:attachment":[{"href":"https:\/\/www.evasanagustin.com\/workaholic\/wp-json\/wp\/v2\/media?parent=36130"}],"wp:term":[{"taxonomy":"category","embeddable":true,"href":"https:\/\/www.evasanagustin.com\/workaholic\/wp-json\/wp\/v2\/categories?post=36130"},{"taxonomy":"post_tag","embeddable":true,"href":"https:\/\/www.evasanagustin.com\/workaholic\/wp-json\/wp\/v2\/tags?post=36130"}],"curies":[{"name":"wp","href":"https:\/\/api.w.org\/{rel}","templated":true}]}}