{"id":35875,"date":"2024-12-13T19:08:00","date_gmt":"2024-12-13T18:08:00","guid":{"rendered":"https:\/\/www.evasanagustin.com\/workaholic\/?p=35875"},"modified":"2024-12-13T18:56:45","modified_gmt":"2024-12-13T17:56:45","slug":"dos-decadas-como-blogger-y-15-anos-como-freelance","status":"publish","type":"post","link":"https:\/\/www.evasanagustin.com\/workaholic\/2024\/12\/13\/dos-decadas-como-blogger-y-15-anos-como-freelance\/","title":{"rendered":"Dos d\u00e9cadas y 15 a\u00f1os despu\u00e9s"},"content":{"rendered":"\n<p>d+m cumple hoy 20 a\u00f1os y yo acabo de hacer 15 como freelance. Una celebraci\u00f3n siempre es una buena excusa para asomarme por aqu\u00ed y hacer un poquito de balance.<\/p>\n\n\n\n<h2 class=\"wp-block-heading\">20 a\u00f1os en la blogosfera<\/h2>\n\n\n\n<p>Dice WordPress que llevo 2700 posts publicados aqu\u00ed (ser\u00eda dif\u00edcil contar los que he escrito para mis clientes). Han sido dos d\u00e9cadas en las que <strong>este blog ha evolucionado siguiendo el ritmo de mis intereses<\/strong>: publicidad y medios al principio, m\u00e1s <a href=\"https:\/\/amzn.to\/3OJLZVV\">marketing de contenidos<\/a> despu\u00e9s, luego <a href=\"https:\/\/amzn.to\/3Vy0Kiw\">estrategia de contenidos<\/a> y recientemente <a href=\"https:\/\/amzn.to\/4grF8Mz\">cultura del contenido<\/a>. Por eso no ten\u00eda sentido seguir escribiendo estos \u00faltimos meses: si yo necesito descansar, mi blog tambi\u00e9n.<\/p>\n\n\n\n<p>Dejando de lado temas demasiado personales, \u00bfqu\u00e9 ha cambiado en estos 20 a\u00f1os en la blogosfera? Es sabido que los blogs ya no son como antes, pero tampoco las redes sociales y vinieron despu\u00e9s. Fueron diarios \u00edntimos, despu\u00e9s profesionales y ahora son poco m\u00e1s que un intento corporativo de que Google haga m\u00e1s caso al dominio del que dependen.<\/p>\n\n\n\n<p>\u00bfQu\u00e9 no ha cambiado? Siguen siendo <strong>una p\u00e1gina en blanco esperando a ser llenada de ideas<\/strong>. Y eso merece ser conservado. Quiero que mi blog siga siendo un reflejo de lo que pienso, mi lugar para descargar ideas. As\u00ed que es posible que el a\u00f1o que viene abra una nueva etapa de d+m. Quiz\u00e1 sin objetivos profesionales, solo como un lugar para escribir lo que quiera.<\/p>\n\n\n\n<h2 class=\"wp-block-heading\">15 a\u00f1os siendo freelance<\/h2>\n\n\n\n<p>Oficialmente fue en noviembre, pero suelo celebrarlo en el blogversario porque sin d+m no creo que hubiese podido llegar a ser freelance. En 15 a\u00f1os he participado en proyectos de diferentes sectores y para empresas de todos los tama\u00f1os, pero <strong>siempre con los contenidos en el centro de mis tareas<\/strong>. Con porcentajes variables seg\u00fan las \u00e9pocas, sigo encarg\u00e1ndome de organizar, redactar y sugerir contenidos, aunque en realidad cada cliente lo llame a su manera: escribir para su blog, humanizar los textos de su web, planificar su LinkedIn, coordinar los materiales de un evento, gestionar su branded content en medios&#8230;<\/p>\n\n\n\n<p>Nunca he encajado en un cargo \u00abtradicional\u00bb, pero tampoco me voy a inventar uno solo para que quede bonito en <a href=\"https:\/\/www.linkedin.com\/in\/evasanagustin\/\">mi perfil<\/a>. Quiz\u00e1 por eso parece que tampoco encajo en las ofertas que se anuncian en redes y portales de empleo. Me mantengo fiel al reto y seguir\u00e9 abriendo camino, tratando de que los contenidos contin\u00faen siendo relevantes para toda la empresa. <\/p>\n\n\n\n<p>\u00bfQu\u00e9 no ha cambiado desde que soy freelance? Que <strong>la experiencia es un grado, como la especializaci\u00f3n<\/strong>. Quiz\u00e1 hable de eso a partir de ahora en mi newsletter, es decir, en 2025. O quiz\u00e1 no. Todav\u00eda tengo mucho en lo que pensar.<\/p>\n\n\n\n<h2 class=\"wp-block-heading\">\u00bfY por cu\u00e1ntos a\u00f1os m\u00e1s?<\/h2>\n\n\n\n<p>Justo ayer, 12 de diciembre, se cumplieron 12 a\u00f1os desde que sali\u00f3 a la luz \u00ab<a href=\"https:\/\/www.facebook.com\/evasanagustin\/photos\/pb.100032074406952.-2207520000\/563306873695004\/?type=3\">12 miedos<\/a>\u00ab, una bonita iniciativa de <a href=\"https:\/\/www.linkedin.com\/in\/josecarlosleon\/\">Jos\u00e9 Carlos Le\u00f3n<\/a> que me brind\u00f3 la posibilidad de asomarme a los relatos de ficci\u00f3n. En aquel momento no pens\u00e9 que fuese un camino a seguir, pero la semilla estaba plantada y con el tiempo germinaron nuevas ideas que he intentado cuidar, aunque fuera a ratos, para que sus ra\u00edces fuesen fuertes y as\u00ed creciesen buenas historias.<\/p>\n\n\n\n<p>La pandemia me dio la gran oportunidad de recuperarlas y vinieron muchos m\u00e1s momentos de inspiraci\u00f3n en los \u00faltimos a\u00f1os. Ah\u00ed est\u00e1n los personajes, rond\u00e1ndome para que les escuche y ponga por escrito lo que est\u00e1n viviendo. Aunque no lo sientan as\u00ed, no me olvido de ellos, pero otras prioridades les han pasado por delante.<\/p>\n\n\n\n<p>Eso en cuanto a ficci\u00f3n, pero <a href=\"https:\/\/www.evasanagustin.com\/redacciondecontenidos\/\">mi libro de redacci\u00f3n <\/a>sigue ah\u00ed, todav\u00eda a medio escribir. Parece que el gafe que arrastra durar\u00e1 un poco m\u00e1s. Es el que m\u00e1s me ha costado de terminar y est\u00e1 avanzado, pero sin una editorial detr\u00e1s que me presione, los proyectos de mis clientes van primero. Adem\u00e1s, siempre estoy a tiempo de autopublicarlo para sumarlo a <a href=\"https:\/\/amzn.to\/4isaeWr\">mi colecci\u00f3n<\/a>, as\u00ed que no tengo m\u00e1s prisa que la que me impone saber qu\u00e9 otras novedades editoriales habr\u00e1 el pr\u00f3ximo a\u00f1o.<\/p>\n\n\n\n<pre class=\"wp-block-verse\">Aprovecho para anunciarte que el pr\u00f3ximo d\u00eda 22, \"<a href=\"https:\/\/amzn.to\/4gaV7Py\">Pilares del contenido<\/a>\" estar\u00e1 de oferta en el <a href=\"https:\/\/amzn.to\/4itxVh4\">KindleFlash<\/a> (aunque ya sabes que lo tienes gratis con <a href=\"https:\/\/amzn.to\/3ORs5bQ\">KindleUnlimited<\/a>).<\/pre>\n\n\n\n<p>Qui\u00e9n sabe si 2025 me traer\u00e1 <a href=\"https:\/\/www.evasanagustin.com\/workaholic\/2022\/02\/14\/contenidos-quieres-ser-mi-valentin\/\" data-type=\"post\" data-id=\"33718\">un Valent\u00edn <\/a>para darle un giro a mi carrera profesional, si me dar\u00e1 la paz mental que necesito para terminar de escribir mis historias o si me dejar\u00e1 viviendo en <a href=\"https:\/\/youtu.be\/l0q7MLPo-u8?si=d7ZeV3uha0TiBap2\">el sonido del silencio<\/a>. Qu\u00e9date por aqu\u00ed y te lo ir\u00e9 contando.<\/p>\n","protected":false},"excerpt":{"rendered":"<p>d+m cumple hoy 20 a\u00f1os y yo acabo de hacer 15 como freelance. Una celebraci\u00f3n siempre es una buena excusa para asomarme por aqu\u00ed y hacer un poquito de balance. 20 a\u00f1os en la blogosfera Dice WordPress que llevo 2700 posts publicados aqu\u00ed (ser\u00eda dif\u00edcil contar los que he escrito para mis clientes). Han sido [&hellip;]<\/p>\n","protected":false},"author":1,"featured_media":0,"comment_status":"open","ping_status":"open","sticky":false,"template":"","format":"standard","meta":{"_monsterinsights_skip_tracking":false,"_monsterinsights_sitenote_active":false,"_monsterinsights_sitenote_note":"","_monsterinsights_sitenote_category":0,"site-sidebar-layout":"default","site-content-layout":"","ast-site-content-layout":"default","site-content-style":"default","site-sidebar-style":"default","ast-global-header-display":"","ast-banner-title-visibility":"","ast-main-header-display":"","ast-hfb-above-header-display":"","ast-hfb-below-header-display":"","ast-hfb-mobile-header-display":"","site-post-title":"","ast-breadcrumbs-content":"","ast-featured-img":"","footer-sml-layout":"","ast-disable-related-posts":"","theme-transparent-header-meta":"","adv-header-id-meta":"","stick-header-meta":"","header-above-stick-meta":"","header-main-stick-meta":"","header-below-stick-meta":"","astra-migrate-meta-layouts":"default","ast-page-background-enabled":"default","ast-page-background-meta":{"desktop":{"background-color":"var(--ast-global-color-5)","background-image":"","background-repeat":"repeat","background-position":"center center","background-size":"auto","background-attachment":"scroll","background-type":"","background-media":"","overlay-type":"","overlay-color":"","overlay-opacity":"","overlay-gradient":""},"tablet":{"background-color":"","background-image":"","background-repeat":"repeat","background-position":"center center","background-size":"auto","background-attachment":"scroll","background-type":"","background-media":"","overlay-type":"","overlay-color":"","overlay-opacity":"","overlay-gradient":""},"mobile":{"background-color":"","background-image":"","background-repeat":"repeat","background-position":"center center","background-size":"auto","background-attachment":"scroll","background-type":"","background-media":"","overlay-type":"","overlay-color":"","overlay-opacity":"","overlay-gradient":""}},"ast-content-background-meta":{"desktop":{"background-color":"var(--ast-global-color-4)","background-image":"","background-repeat":"repeat","background-position":"center center","background-size":"auto","background-attachment":"scroll","background-type":"","background-media":"","overlay-type":"","overlay-color":"","overlay-opacity":"","overlay-gradient":""},"tablet":{"background-color":"var(--ast-global-color-4)","background-image":"","background-repeat":"repeat","background-position":"center center","background-size":"auto","background-attachment":"scroll","background-type":"","background-media":"","overlay-type":"","overlay-color":"","overlay-opacity":"","overlay-gradient":""},"mobile":{"background-color":"var(--ast-global-color-4)","background-image":"","background-repeat":"repeat","background-position":"center center","background-size":"auto","background-attachment":"scroll","background-type":"","background-media":"","overlay-type":"","overlay-color":"","overlay-opacity":"","overlay-gradient":""}},"footnotes":""},"categories":[7],"tags":[12],"class_list":["post-35875","post","type-post","status-publish","format-standard","hentry","category-dm","tag-dmassm"],"_links":{"self":[{"href":"https:\/\/www.evasanagustin.com\/workaholic\/wp-json\/wp\/v2\/posts\/35875","targetHints":{"allow":["GET"]}}],"collection":[{"href":"https:\/\/www.evasanagustin.com\/workaholic\/wp-json\/wp\/v2\/posts"}],"about":[{"href":"https:\/\/www.evasanagustin.com\/workaholic\/wp-json\/wp\/v2\/types\/post"}],"author":[{"embeddable":true,"href":"https:\/\/www.evasanagustin.com\/workaholic\/wp-json\/wp\/v2\/users\/1"}],"replies":[{"embeddable":true,"href":"https:\/\/www.evasanagustin.com\/workaholic\/wp-json\/wp\/v2\/comments?post=35875"}],"version-history":[{"count":6,"href":"https:\/\/www.evasanagustin.com\/workaholic\/wp-json\/wp\/v2\/posts\/35875\/revisions"}],"predecessor-version":[{"id":35881,"href":"https:\/\/www.evasanagustin.com\/workaholic\/wp-json\/wp\/v2\/posts\/35875\/revisions\/35881"}],"wp:attachment":[{"href":"https:\/\/www.evasanagustin.com\/workaholic\/wp-json\/wp\/v2\/media?parent=35875"}],"wp:term":[{"taxonomy":"category","embeddable":true,"href":"https:\/\/www.evasanagustin.com\/workaholic\/wp-json\/wp\/v2\/categories?post=35875"},{"taxonomy":"post_tag","embeddable":true,"href":"https:\/\/www.evasanagustin.com\/workaholic\/wp-json\/wp\/v2\/tags?post=35875"}],"curies":[{"name":"wp","href":"https:\/\/api.w.org\/{rel}","templated":true}]}}