{"id":35684,"date":"2024-03-13T11:58:00","date_gmt":"2024-03-13T10:58:00","guid":{"rendered":"https:\/\/www.evasanagustin.com\/workaholic\/?p=35684"},"modified":"2024-03-13T12:07:26","modified_gmt":"2024-03-13T11:07:26","slug":"media-news-s11-a24","status":"publish","type":"post","link":"https:\/\/www.evasanagustin.com\/workaholic\/2024\/03\/13\/media-news-s11-a24\/","title":{"rendered":"Media News S11 A24"},"content":{"rendered":"\n<p><strong>Cine<\/strong><br \/>Esta gala de los Oscars tuvo la novedad de poner a 5 presentadores para las categor\u00edas de actor\/actriz principales\/secundarios. Fue extra\u00f1o que dedicasen \u00abtanto\u00bb tiempo a hablar en lugar de poner un cachito de v\u00eddeo, pero estuvo bien traer de vuelta al escenario a personas que llevaban un tiempo algo ocultas. Tambi\u00e9n fue la primera vez (o al menos eso recuerdo) que se da m\u00e1s protagonismo a <a href=\"https:\/\/www.youtube.com\/watch?v=fIU9HZtVIP8\">la preciosa actuaci\u00f3n del \u00abIn Memoriam\u00bb<\/a> que al v\u00eddeo con las im\u00e1genes de quienes ya no est\u00e1n. Sobre los premios, bueno, algo de variedad s\u00ed hubo, aunque <a href=\"https:\/\/www.evasanagustin.com\/workaholic\/2024\/03\/06\/media-news-s10-a24\/\" data-type=\"post\" data-id=\"35673\">sigo pensando<\/a> que en <a href=\"https:\/\/twitter.com\/ThePhantomastic\/status\/1766873742708253184\">un universo paralelo<\/a> ha habido otros ganadores.<\/p>\n\n\n\n<p><strong>Televisi\u00f3n<\/strong><br \/>Dos aniversarios de series me ponen nost\u00e1lgica: <a href=\"https:\/\/www.elmundo.es\/television\/series\/2024\/02\/26\/65dcd7aae9cf4a7a7a8b4595.html\">25 a\u00f1os de \u00ab7 vidas<\/a>\u00bb y <a href=\"https:\/\/www.instagram.com\/reel\/C2dBvQTOrK7\/?igsh=MWQ3c3E0N3J0Y2RndQ%3D%3D\">los 41 de \u00abEl equipo A\u00bb<\/a>. \u00a1Es mucho tiempo! Hago repaso y no encuentro nada parecido en la parrilla actual. \u00abLeverage\u00bb se acercar\u00eda, aunque nadie les persigue con la misma ansia que Lynch y no hay ese componente hacker porque obviamente antes no exist\u00eda nada de todo eso. Me llama la atenci\u00f3n porque hay muchas series parecidas con sus correspondientes spin-offs llenando horas y horas de programaci\u00f3n. S\u00ed, se hizo <a href=\"https:\/\/www.evasanagustin.com\/workaholic\/2010\/06\/13\/cine-critica-el-equipo-a\/\" data-type=\"post\" data-id=\"2743\">la pel\u00edcula<\/a> (l\u00e1stima que no sirviese para iniciar una saga), pero \u00bfla audiencia actual no tolerar\u00eda series de este estilo?<\/p>\n\n\n\n<p><strong>Internet<\/strong><br \/>Interesante reflexi\u00f3n la de <a href=\"https:\/\/superfluor.substack.com\/p\/superfluor-42-silencio-de-radio\">Iv\u00e1n Leal en su newsletter<\/a>: \u00abexponer p\u00fablicamente nuestras ideas se ha convertido en una \u00abprueba de vida\u00bb, como si al dejar de hacerlo nuestra existencia, o una parte de ella, se diluyera\u00bb. Coincido, aunque no me guste. La decisi\u00f3n consciente u obligada de dejar de publicar por un tiempo parece que tenga que justificarse para que nadie se extra\u00f1e y te busque. Puede ser visto en positivo: \u00a1qu\u00e9 bien que le importas a alguien como para que note tu ausencia! Pero yo tambi\u00e9n lo percibo como negativo: \u00bfpor qu\u00e9 alguien se ha acostumbrado tanto a que estemos en su vida, sin conocernos realmente?<\/p>\n\n\n\n<p><strong>Publicidad<\/strong><br \/>Hablando de lo que desaparece si no lo ves, \u00bfqu\u00e9 le pasa al spot cl\u00e1sico televisivo? <a href=\"https:\/\/www.linkedin.com\/pulse\/cr%2525C3%2525B3nica-de-una-muerte-anunciada-rip-spot-v%2525C3%2525ADctor-guti%2525C3%2525A9rrez-chicano-bs5jf\/\">Dicen que ha muerto<\/a> (ya se sabe que cada X a\u00f1os alguien mata a algo) aunque supongo que es precisamente porque hay menos personas dispuestas a verlos. Todav\u00eda les queda vida, pero hace ya tiempo que tambi\u00e9n hay que prestar atenci\u00f3n a esas alternativas que llegan a otros canales y p\u00fablicos. Centrarse solo en 30 segundos de v\u00eddeo parece de otra \u00e9poca, pero ah\u00ed sigue la inversi\u00f3n relativamente estable. Quiz\u00e1 tenemos que poner m\u00e1s perspectiva y esperar un tiempo m\u00e1s largo para notar qu\u00e9 cambios se producen.<\/p>\n","protected":false},"excerpt":{"rendered":"<p>CineEsta gala de los Oscars tuvo la novedad de poner a 5 presentadores para las categor\u00edas de actor\/actriz principales\/secundarios. Fue extra\u00f1o que dedicasen \u00abtanto\u00bb tiempo a hablar en lugar de poner un cachito de v\u00eddeo, pero estuvo bien traer de vuelta al escenario a personas que llevaban un tiempo algo ocultas. Tambi\u00e9n fue la primera [&hellip;]<\/p>\n","protected":false},"author":1,"featured_media":0,"comment_status":"open","ping_status":"open","sticky":false,"template":"","format":"standard","meta":{"_monsterinsights_skip_tracking":false,"_monsterinsights_sitenote_active":false,"_monsterinsights_sitenote_note":"","_monsterinsights_sitenote_category":0,"site-sidebar-layout":"default","site-content-layout":"","ast-site-content-layout":"default","site-content-style":"default","site-sidebar-style":"default","ast-global-header-display":"","ast-banner-title-visibility":"","ast-main-header-display":"","ast-hfb-above-header-display":"","ast-hfb-below-header-display":"","ast-hfb-mobile-header-display":"","site-post-title":"","ast-breadcrumbs-content":"","ast-featured-img":"","footer-sml-layout":"","ast-disable-related-posts":"","theme-transparent-header-meta":"","adv-header-id-meta":"","stick-header-meta":"","header-above-stick-meta":"","header-main-stick-meta":"","header-below-stick-meta":"","astra-migrate-meta-layouts":"default","ast-page-background-enabled":"default","ast-page-background-meta":{"desktop":{"background-color":"var(--ast-global-color-5)","background-image":"","background-repeat":"repeat","background-position":"center center","background-size":"auto","background-attachment":"scroll","background-type":"","background-media":"","overlay-type":"","overlay-color":"","overlay-opacity":"","overlay-gradient":""},"tablet":{"background-color":"","background-image":"","background-repeat":"repeat","background-position":"center center","background-size":"auto","background-attachment":"scroll","background-type":"","background-media":"","overlay-type":"","overlay-color":"","overlay-opacity":"","overlay-gradient":""},"mobile":{"background-color":"","background-image":"","background-repeat":"repeat","background-position":"center center","background-size":"auto","background-attachment":"scroll","background-type":"","background-media":"","overlay-type":"","overlay-color":"","overlay-opacity":"","overlay-gradient":""}},"ast-content-background-meta":{"desktop":{"background-color":"var(--ast-global-color-4)","background-image":"","background-repeat":"repeat","background-position":"center center","background-size":"auto","background-attachment":"scroll","background-type":"","background-media":"","overlay-type":"","overlay-color":"","overlay-opacity":"","overlay-gradient":""},"tablet":{"background-color":"var(--ast-global-color-4)","background-image":"","background-repeat":"repeat","background-position":"center center","background-size":"auto","background-attachment":"scroll","background-type":"","background-media":"","overlay-type":"","overlay-color":"","overlay-opacity":"","overlay-gradient":""},"mobile":{"background-color":"var(--ast-global-color-4)","background-image":"","background-repeat":"repeat","background-position":"center center","background-size":"auto","background-attachment":"scroll","background-type":"","background-media":"","overlay-type":"","overlay-color":"","overlay-opacity":"","overlay-gradient":""}},"footnotes":""},"categories":[4,5,2,3],"tags":[35,67],"class_list":["post-35684","post","type-post","status-publish","format-standard","hentry","category-cine","category-internet","category-publicidad","category-television","tag-historia-de-la-television","tag-oscars"],"_links":{"self":[{"href":"https:\/\/www.evasanagustin.com\/workaholic\/wp-json\/wp\/v2\/posts\/35684","targetHints":{"allow":["GET"]}}],"collection":[{"href":"https:\/\/www.evasanagustin.com\/workaholic\/wp-json\/wp\/v2\/posts"}],"about":[{"href":"https:\/\/www.evasanagustin.com\/workaholic\/wp-json\/wp\/v2\/types\/post"}],"author":[{"embeddable":true,"href":"https:\/\/www.evasanagustin.com\/workaholic\/wp-json\/wp\/v2\/users\/1"}],"replies":[{"embeddable":true,"href":"https:\/\/www.evasanagustin.com\/workaholic\/wp-json\/wp\/v2\/comments?post=35684"}],"version-history":[{"count":3,"href":"https:\/\/www.evasanagustin.com\/workaholic\/wp-json\/wp\/v2\/posts\/35684\/revisions"}],"predecessor-version":[{"id":35687,"href":"https:\/\/www.evasanagustin.com\/workaholic\/wp-json\/wp\/v2\/posts\/35684\/revisions\/35687"}],"wp:attachment":[{"href":"https:\/\/www.evasanagustin.com\/workaholic\/wp-json\/wp\/v2\/media?parent=35684"}],"wp:term":[{"taxonomy":"category","embeddable":true,"href":"https:\/\/www.evasanagustin.com\/workaholic\/wp-json\/wp\/v2\/categories?post=35684"},{"taxonomy":"post_tag","embeddable":true,"href":"https:\/\/www.evasanagustin.com\/workaholic\/wp-json\/wp\/v2\/tags?post=35684"}],"curies":[{"name":"wp","href":"https:\/\/api.w.org\/{rel}","templated":true}]}}