{"id":34290,"date":"2022-07-06T08:08:00","date_gmt":"2022-07-06T06:08:00","guid":{"rendered":"https:\/\/www.evasanagustin.com\/workaholic\/?p=34290"},"modified":"2022-07-04T23:42:26","modified_gmt":"2022-07-04T21:42:26","slug":"media-news-s27-a22","status":"publish","type":"post","link":"https:\/\/www.evasanagustin.com\/workaholic\/2022\/07\/06\/media-news-s27-a22\/","title":{"rendered":"Media News S27 A22"},"content":{"rendered":"\n<p><strong>Internet<\/strong><br \/>Verano, la \u00faltima frontera en el calendario editorial. Empiezan a verse \u00abcarteles virtuales\u00bb que indican bajada del ritmo. Yo misma voy a probar este a\u00f1o con dos meses en lugar de uno, lo necesito aunque solo sea para alejarme del ordenador un par de horas. Por eso me pregunto si las marcas tambi\u00e9n lo sienten de alguna manera porque no recuerdo a ninguna que dijese: \u00abte dejamos un ratito tranquila para que puedas desconectar\u00bb. Vamos, al menos a m\u00ed no me lo han dicho. \u00bfQuiz\u00e1 lo han hecho sin decirlo claramente para disimular que el equipo se toma vacaciones?<\/p>\n\n\n\n<p><strong>Televisi\u00f3n<\/strong><br \/>Reestrenar series antiguas no es un gran reclamo para captar nuevos suscriptores. Dudo de que lo fuese cuando Disney+ <a href=\"https:\/\/www.evasanagustin.com\/workaholic\/2021\/12\/15\/media-news-s50-a21\/\" data-type=\"post\" data-id=\"33472\">trajo de regreso<\/a> a \u00abLas chicas de oro\u00bb, pero te aseguro que lo estoy disfrutando. Tambi\u00e9n lo har\u00eda con \u00abAlf\u00bb, pero <a href=\"https:\/\/www.vamosaver.tv\/alf-abre-la-operacion-nostalgia-de-hbo-max\/\">la tiene HBO<\/a> as\u00ed que me la perder\u00e9. En cambio, la producci\u00f3n propia s\u00ed puede ser una forma de atraer la atenci\u00f3n, pero resulta que esta misma cadena <a href=\"https:\/\/www.espinof.com\/hbo\/hbo-cancela-casi-todas-sus-series-europeas-eliminara-parte-catalogo-solo-mantendra-produccion-dos-paises\">ha decidido cancelarla casi toda<\/a>. Es evidente que no cuestan lo mismo, pero me llama la atenci\u00f3n que salgan las dos noticias a la vez porque la positiva no supera a la negativa.<\/p>\n\n\n\n<p><strong>Cine<\/strong><br \/>\u00bfCu\u00e1ndo fue la \u00faltima vez que saliste de un cine sin acabar de ver una pel\u00edcula? Yo creo que no lo he hecho nunca, aunque son incontables las veces que he dejado de ver alguna en la tele. Algo tiene el cine, pero no es la oscuridad&#8230; quiz\u00e1 sea porque el precio de la entrada hace que elija mejor a qu\u00e9 dedico mi tiempo. <a href=\"https:\/\/www.fotogramas.es\/noticias-cine\/a40496485\/stephen-king-transformers-critica\/\">Dice Stephen King que no aguant\u00f3 \u00abTransformers\u00bb<\/a> y la verdad es que muy buena no es&#8230; pero antes de entrar ya te puedes hacer una idea del tipo de pel\u00edcula que se puede esperar. Vale, yo tambi\u00e9n hubiese preferido algo mejor, pero tambi\u00e9n de muchas otras y ah\u00ed me qued\u00e9.<\/p>\n\n\n\n<p><strong>Publicidad<\/strong><br \/>Una pregunta que seguro te habr\u00e1 rondado la cabeza en alg\u00fan momento: \u00ab\u00bf<a href=\"https:\/\/controlpublicidad.com\/campanas-publicitarias\/se-esta-perdiendo-el-sentido-del-humor-en-la-publicidad-actual\/\">se est\u00e1 perdiendo el sentido de humor en la publicidad actual<\/a>?\u00bb Tiene a\u00fan m\u00e1s validez si cambias la \u00abpublicidad\u00bb por \u00absociedad\u00bb, \u00bfno te parece? Si nos creemos que la primera es un reflejo de la segunda, tiene sentido. En cambio, si pensamos que es la primera la que debe provocar cambios en la segunda, tenemos un problema. Ambos puntos de vista sobreviven juntos, seg\u00fan el corte publicitario que est\u00e9s viendo, porque, en realidad, as\u00ed es tambi\u00e9n nuestra sociedad.<\/p>\n","protected":false},"excerpt":{"rendered":"<p>InternetVerano, la \u00faltima frontera en el calendario editorial. Empiezan a verse \u00abcarteles virtuales\u00bb que indican bajada del ritmo. Yo misma voy a probar este a\u00f1o con dos meses en lugar de uno, lo necesito aunque solo sea para alejarme del ordenador un par de horas. Por eso me pregunto si las marcas tambi\u00e9n lo sienten [&hellip;]<\/p>\n","protected":false},"author":1,"featured_media":0,"comment_status":"open","ping_status":"open","sticky":false,"template":"","format":"standard","meta":{"_monsterinsights_skip_tracking":false,"_monsterinsights_sitenote_active":false,"_monsterinsights_sitenote_note":"","_monsterinsights_sitenote_category":0,"site-sidebar-layout":"default","site-content-layout":"","ast-site-content-layout":"default","site-content-style":"default","site-sidebar-style":"default","ast-global-header-display":"","ast-banner-title-visibility":"","ast-main-header-display":"","ast-hfb-above-header-display":"","ast-hfb-below-header-display":"","ast-hfb-mobile-header-display":"","site-post-title":"","ast-breadcrumbs-content":"","ast-featured-img":"","footer-sml-layout":"","ast-disable-related-posts":"","theme-transparent-header-meta":"","adv-header-id-meta":"","stick-header-meta":"","header-above-stick-meta":"","header-main-stick-meta":"","header-below-stick-meta":"","astra-migrate-meta-layouts":"default","ast-page-background-enabled":"default","ast-page-background-meta":{"desktop":{"background-color":"var(--ast-global-color-5)","background-image":"","background-repeat":"repeat","background-position":"center center","background-size":"auto","background-attachment":"scroll","background-type":"","background-media":"","overlay-type":"","overlay-color":"","overlay-opacity":"","overlay-gradient":""},"tablet":{"background-color":"","background-image":"","background-repeat":"repeat","background-position":"center center","background-size":"auto","background-attachment":"scroll","background-type":"","background-media":"","overlay-type":"","overlay-color":"","overlay-opacity":"","overlay-gradient":""},"mobile":{"background-color":"","background-image":"","background-repeat":"repeat","background-position":"center center","background-size":"auto","background-attachment":"scroll","background-type":"","background-media":"","overlay-type":"","overlay-color":"","overlay-opacity":"","overlay-gradient":""}},"ast-content-background-meta":{"desktop":{"background-color":"var(--ast-global-color-4)","background-image":"","background-repeat":"repeat","background-position":"center center","background-size":"auto","background-attachment":"scroll","background-type":"","background-media":"","overlay-type":"","overlay-color":"","overlay-opacity":"","overlay-gradient":""},"tablet":{"background-color":"var(--ast-global-color-4)","background-image":"","background-repeat":"repeat","background-position":"center center","background-size":"auto","background-attachment":"scroll","background-type":"","background-media":"","overlay-type":"","overlay-color":"","overlay-opacity":"","overlay-gradient":""},"mobile":{"background-color":"var(--ast-global-color-4)","background-image":"","background-repeat":"repeat","background-position":"center center","background-size":"auto","background-attachment":"scroll","background-type":"","background-media":"","overlay-type":"","overlay-color":"","overlay-opacity":"","overlay-gradient":""}},"footnotes":""},"categories":[4,5,2,3],"tags":[41,228,68],"class_list":["post-34290","post","type-post","status-publish","format-standard","hentry","category-cine","category-internet","category-publicidad","category-television","tag-campanas-polemicas","tag-entradas-de-cine","tag-series-de-television"],"_links":{"self":[{"href":"https:\/\/www.evasanagustin.com\/workaholic\/wp-json\/wp\/v2\/posts\/34290","targetHints":{"allow":["GET"]}}],"collection":[{"href":"https:\/\/www.evasanagustin.com\/workaholic\/wp-json\/wp\/v2\/posts"}],"about":[{"href":"https:\/\/www.evasanagustin.com\/workaholic\/wp-json\/wp\/v2\/types\/post"}],"author":[{"embeddable":true,"href":"https:\/\/www.evasanagustin.com\/workaholic\/wp-json\/wp\/v2\/users\/1"}],"replies":[{"embeddable":true,"href":"https:\/\/www.evasanagustin.com\/workaholic\/wp-json\/wp\/v2\/comments?post=34290"}],"version-history":[{"count":3,"href":"https:\/\/www.evasanagustin.com\/workaholic\/wp-json\/wp\/v2\/posts\/34290\/revisions"}],"predecessor-version":[{"id":34298,"href":"https:\/\/www.evasanagustin.com\/workaholic\/wp-json\/wp\/v2\/posts\/34290\/revisions\/34298"}],"wp:attachment":[{"href":"https:\/\/www.evasanagustin.com\/workaholic\/wp-json\/wp\/v2\/media?parent=34290"}],"wp:term":[{"taxonomy":"category","embeddable":true,"href":"https:\/\/www.evasanagustin.com\/workaholic\/wp-json\/wp\/v2\/categories?post=34290"},{"taxonomy":"post_tag","embeddable":true,"href":"https:\/\/www.evasanagustin.com\/workaholic\/wp-json\/wp\/v2\/tags?post=34290"}],"curies":[{"name":"wp","href":"https:\/\/api.w.org\/{rel}","templated":true}]}}