{"id":34268,"date":"2022-06-29T08:08:00","date_gmt":"2022-06-29T06:08:00","guid":{"rendered":"https:\/\/www.evasanagustin.com\/workaholic\/?p=34268"},"modified":"2022-06-28T21:15:52","modified_gmt":"2022-06-28T19:15:52","slug":"media-news-s26-a22","status":"publish","type":"post","link":"https:\/\/www.evasanagustin.com\/workaholic\/2022\/06\/29\/media-news-s26-a22\/","title":{"rendered":"Media News S26 A22"},"content":{"rendered":"\n<p><strong>Televisi\u00f3n<\/strong><br \/>Hay doblajes franceses que parecen hechos en serie. Ojo: no lo digo porque sean de una serie, sino porque son las mismas voces que entre cap\u00edtulo van intercambi\u00e1ndose. El problema viene cuando puedes identificar su implicaci\u00f3n en el caso por el doblaje. S\u00ed, en la t\u00edpica serie de investigaci\u00f3n polic\u00edaca, los malos siempre tienen la misma voz. \u00bfPor qu\u00e9? Supongo que porque son los que m\u00e1s \u00abminutos\u00bb tienen. Claro que a\u00fan es peor cuando con la nueva temporada le cambian la voz al prota que es \u00abbueno\u00bb para ponerle la que en otra serie es de \u00abmalo\u00bb. Tendr\u00e9 que recuperar la costumbre de ver las series en VO.<\/p>\n\n\n\n<p><strong>Cine<\/strong><br \/>Las pel\u00edculas empezaron siendo costumbristas, luego humor\u00edsticas, hist\u00f3ricas&#8230; y no tard\u00f3 en llegar la ciencia ficci\u00f3n. Con los recursos que se ten\u00edan, es normal que hoy se vean con una sonrisa en la cara. La historia del cine est\u00e1 muy ligada a la tecnolog\u00eda, especialmente para fabricar algunos sue\u00f1os. \u00bf<a href=\"https:\/\/www.fotogramas.es\/noticias-cine\/g40336938\/jurassic-park-peliculas-series-dinosaurios-antiguas-historia-cine-tv\/\">Qu\u00e9 m\u00e1s da<\/a> si los dinosaurios son de cart\u00f3n piedra o iguanas disfrazadas? Claro que los dibujos son m\u00e1s f\u00e1ciles y que los efectos actuales los llevan a otro nivel, pero en el fondo, se trata de contar la historia como buenamente se puede: sean malos o buenos, domesticados o salvajes, ser\u00e1n protagonistas.<\/p>\n\n\n\n<p><strong>Internet<\/strong><br \/>La noticia estos d\u00edas es, sin duda, que <a href=\"https:\/\/twitter.com\/jguallar\/status\/1539526076522713089\">vuelve Google News<\/a>. \u00a1Hasta han puesto <a href=\"https:\/\/twitter.com\/mik1977\/status\/1541305108784455682\">un anuncio en los papeles<\/a>! Si te interesa, Llu\u00eds Codina ha hecho un buen repaso a <a href=\"https:\/\/www.lluiscodina.com\/google-news\/\">c\u00f3mo funciona<\/a>. Claro que, seg\u00fan tu edad, quiz\u00e1 no sea un tema que llame tu atenci\u00f3n porque parece ser que <a href=\"https:\/\/twitter.com\/javijpeinado\/status\/1538800956904701952\">los j\u00f3venes no se informan en la prensa<\/a>. El <a href=\"https:\/\/www.digitalnewsreport.es\/\">Digital News Report<\/a> (<a href=\"https:\/\/twitter.com\/fcomunav\/status\/1536848897410228229\">infograf\u00eda resumen<\/a>) no es el \u00fanico estos d\u00edas en repasar el consumo de medios: <a href=\"https:\/\/reutersinstitute.politics.ox.ac.uk\/es\/digital-news-report\/2021\/noticias-por-correo-electronico-su-contribucion-al-negocio-y-la-relacion\">Reuters Institute<\/a> tambi\u00e9n confirma que, a menos edad, menos uso del correo para acceder a boletines informativos. Claro que ah\u00ed no se contemplan las newsletters de autor como son las que analiza <a href=\"https:\/\/twitter.com\/jguallar\/status\/1538837949453836288\">Guallar y compa\u00f1\u00eda<\/a>.<\/p>\n\n\n\n<p><strong>Publicidad<\/strong><br \/>La primera lona que vimos con una foto hecha con m\u00f3vil fue una sorpresa, aunque ya no lo es. Ver campa\u00f1as con im\u00e1genes de personas \u00abreales\u00bb compitiendo en atenci\u00f3n con gente famoseta es bastante com\u00fan. Pero, \u00bfqu\u00e9 pasar\u00eda si, paseando por la calle, te encontrases con la foto de alguien que conoces? \u00bfY si te fijases y descubrieses entonces que <a href=\"https:\/\/www.sanidad.gob.es\/linea024\/home.htm\">se suicid\u00f3<\/a>? El objetivo principal de la campa\u00f1a \u00ab<a href=\"https:\/\/lacriaturacreativa.com\/2022\/06\/23\/la-ultima-foto-una-campana-que-demuestra-que-el-suicidio-a-veces-no-se-ve-como-todos-pensamos\/\">La \u00faltima foto<\/a>\u00bb no es ese, m\u00e1s bien es que nos demos cuenta de que no todo se ve tan bien como parece en una imagen, menos en redes. Es b\u00e1sico prestar atenci\u00f3n a nuestro entorno y estar disponibles, pero de verdad. <\/p>\n","protected":false},"excerpt":{"rendered":"<p>Televisi\u00f3nHay doblajes franceses que parecen hechos en serie. Ojo: no lo digo porque sean de una serie, sino porque son las mismas voces que entre cap\u00edtulo van intercambi\u00e1ndose. El problema viene cuando puedes identificar su implicaci\u00f3n en el caso por el doblaje. S\u00ed, en la t\u00edpica serie de investigaci\u00f3n polic\u00edaca, los malos siempre tienen la [&hellip;]<\/p>\n","protected":false},"author":1,"featured_media":0,"comment_status":"open","ping_status":"open","sticky":false,"template":"","format":"standard","meta":{"_monsterinsights_skip_tracking":false,"_monsterinsights_sitenote_active":false,"_monsterinsights_sitenote_note":"","_monsterinsights_sitenote_category":0,"site-sidebar-layout":"default","site-content-layout":"","ast-site-content-layout":"default","site-content-style":"default","site-sidebar-style":"default","ast-global-header-display":"","ast-banner-title-visibility":"","ast-main-header-display":"","ast-hfb-above-header-display":"","ast-hfb-below-header-display":"","ast-hfb-mobile-header-display":"","site-post-title":"","ast-breadcrumbs-content":"","ast-featured-img":"","footer-sml-layout":"","ast-disable-related-posts":"","theme-transparent-header-meta":"","adv-header-id-meta":"","stick-header-meta":"","header-above-stick-meta":"","header-main-stick-meta":"","header-below-stick-meta":"","astra-migrate-meta-layouts":"default","ast-page-background-enabled":"default","ast-page-background-meta":{"desktop":{"background-color":"var(--ast-global-color-5)","background-image":"","background-repeat":"repeat","background-position":"center center","background-size":"auto","background-attachment":"scroll","background-type":"","background-media":"","overlay-type":"","overlay-color":"","overlay-opacity":"","overlay-gradient":""},"tablet":{"background-color":"","background-image":"","background-repeat":"repeat","background-position":"center center","background-size":"auto","background-attachment":"scroll","background-type":"","background-media":"","overlay-type":"","overlay-color":"","overlay-opacity":"","overlay-gradient":""},"mobile":{"background-color":"","background-image":"","background-repeat":"repeat","background-position":"center center","background-size":"auto","background-attachment":"scroll","background-type":"","background-media":"","overlay-type":"","overlay-color":"","overlay-opacity":"","overlay-gradient":""}},"ast-content-background-meta":{"desktop":{"background-color":"var(--ast-global-color-4)","background-image":"","background-repeat":"repeat","background-position":"center center","background-size":"auto","background-attachment":"scroll","background-type":"","background-media":"","overlay-type":"","overlay-color":"","overlay-opacity":"","overlay-gradient":""},"tablet":{"background-color":"var(--ast-global-color-4)","background-image":"","background-repeat":"repeat","background-position":"center center","background-size":"auto","background-attachment":"scroll","background-type":"","background-media":"","overlay-type":"","overlay-color":"","overlay-opacity":"","overlay-gradient":""},"mobile":{"background-color":"var(--ast-global-color-4)","background-image":"","background-repeat":"repeat","background-position":"center center","background-size":"auto","background-attachment":"scroll","background-type":"","background-media":"","overlay-type":"","overlay-color":"","overlay-opacity":"","overlay-gradient":""}},"footnotes":""},"categories":[4,5,2,3],"tags":[41,198,98,121,57],"class_list":["post-34268","post","type-post","status-publish","format-standard","hentry","category-cine","category-internet","category-publicidad","category-television","tag-campanas-polemicas","tag-doblaje","tag-google","tag-historia-del-cine","tag-periodismo"],"_links":{"self":[{"href":"https:\/\/www.evasanagustin.com\/workaholic\/wp-json\/wp\/v2\/posts\/34268","targetHints":{"allow":["GET"]}}],"collection":[{"href":"https:\/\/www.evasanagustin.com\/workaholic\/wp-json\/wp\/v2\/posts"}],"about":[{"href":"https:\/\/www.evasanagustin.com\/workaholic\/wp-json\/wp\/v2\/types\/post"}],"author":[{"embeddable":true,"href":"https:\/\/www.evasanagustin.com\/workaholic\/wp-json\/wp\/v2\/users\/1"}],"replies":[{"embeddable":true,"href":"https:\/\/www.evasanagustin.com\/workaholic\/wp-json\/wp\/v2\/comments?post=34268"}],"version-history":[{"count":4,"href":"https:\/\/www.evasanagustin.com\/workaholic\/wp-json\/wp\/v2\/posts\/34268\/revisions"}],"predecessor-version":[{"id":34278,"href":"https:\/\/www.evasanagustin.com\/workaholic\/wp-json\/wp\/v2\/posts\/34268\/revisions\/34278"}],"wp:attachment":[{"href":"https:\/\/www.evasanagustin.com\/workaholic\/wp-json\/wp\/v2\/media?parent=34268"}],"wp:term":[{"taxonomy":"category","embeddable":true,"href":"https:\/\/www.evasanagustin.com\/workaholic\/wp-json\/wp\/v2\/categories?post=34268"},{"taxonomy":"post_tag","embeddable":true,"href":"https:\/\/www.evasanagustin.com\/workaholic\/wp-json\/wp\/v2\/tags?post=34268"}],"curies":[{"name":"wp","href":"https:\/\/api.w.org\/{rel}","templated":true}]}}