{"id":33263,"date":"2021-11-03T08:08:00","date_gmt":"2021-11-03T07:08:00","guid":{"rendered":"https:\/\/www.evasanagustin.com\/workaholic\/?p=33263"},"modified":"2021-11-01T11:04:46","modified_gmt":"2021-11-01T10:04:46","slug":"media-news-s44-a21","status":"publish","type":"post","link":"https:\/\/www.evasanagustin.com\/workaholic\/2021\/11\/03\/media-news-s44-a21\/","title":{"rendered":"Media News S44 A21"},"content":{"rendered":"\n<p><strong>Televisi\u00f3n<\/strong><br \/>TVE est\u00e1 en edad de jubilaci\u00f3n porque <a href=\"https:\/\/www.vamosaver.tv\/tve-cumple-65-anos-de-historia-en-el-aire\/\">acaba de cumplir los 65<\/a>. Vale, como a muchos, a\u00fan le quedan unos cuantos a\u00f1os de vida en activo, pero se celebra la misma semana que <a href=\"https:\/\/www.elmundo.es\/television\/2021\/10\/26\/6177d4aefdddff37888b45c6.html\">llega otra nueva suscripci\u00f3n televisiva<\/a>. As\u00ed que me da por pensar si deber\u00eda reinventarse de alguna manera o es mejor que siga como hasta ahora. Supongo que tan mal no le ir\u00e1 si le siguen llegando cierto tipo de premios (si la semana pasada <a href=\"https:\/\/www.evasanagustin.com\/workaholic\/2021\/10\/27\/media-news-s43-a21\/\">mencionaba los Ondas<\/a>, esta tocan <a href=\"https:\/\/elpais.com\/television\/2021-10-26\/el-ministerio-del-tiempo-y-antidisturbios-ganadoras-de-los-premios-iris.html\">los Iris de la Academia de Televisi\u00f3n<\/a>). Aunque reconozco que no la veo mucho, as\u00ed que poco puedo opinar sobre sus programas m\u00e1s all\u00e1 de&#8230; \u00bflas campanadas?<\/p>\n\n\n\n<p><strong>Internet<\/strong><br \/>Un d\u00eda lees que <a href=\"https:\/\/www.inc.com\/jessica-stillman\/generation-myth-leadership-bobby-duffy.html\">las generaciones no existen<\/a> y al otro <a href=\"https:\/\/www.elmundo.es\/television\/medios\/2021\/10\/29\/617b16defdddff9b2c8b45a5.html\">datos sobre el consumo informativo de los adolescentes<\/a>, y ya no sabes a qui\u00e9n creer. Inevitable hay que comparar: las redes sociales son la principal fuente de informaci\u00f3n, casi doblando a la tele (feliz jubilaci\u00f3n, TVE), y no hay nombres propios de periodismo en su lista de referentes informativos, aunque s\u00ed bastante streamers et al. Interesantes respuestas tambi\u00e9n al preguntarles por los bulos porque el 60% no sabe distinguirlos de noticias. Esto (y algo del resto del informe) me atrevo a decir que no es una cuesti\u00f3n de edad, m\u00e1s bien de preocuparse por lo que est\u00e1 pasando.<\/p>\n\n\n\n<p><strong>Publicidad<\/strong><br \/>Los que conocimos al primo de Zumosol y esper\u00e1bamos que hiciese una reaparici\u00f3n triunfal adaptada a los nuevos tiempos tendremos que seguir so\u00f1ando porque <a href=\"https:\/\/www.20minutos.es\/noticia\/4871229\/0\/el-gobierno-prohibira-la-publicidad-de-dulces-y-bebidas-caloricas-para-ninos\/?autoref=true\">quieren prohibir los anuncios de ciertos productos dirigidos a un p\u00fablico infantil<\/a>. Las franjas horarias est\u00e1n muy bien, en la teor\u00eda, pero los ni\u00f1os est\u00e1n pegados al m\u00f3vil y, como en otras edades, lo que no se ve en la tele acaba llegando por otras fuentes (vu\u00e9lvete a leer el p\u00e1rrafo anterior). As\u00ed que me lo tomo con humor y me imagino c\u00f3mo ser\u00eda un spot de galletas para emitirse a las 2h, por ejemplo. \u00bfTambi\u00e9n tendr\u00edan forma de animalitos?<br \/><\/p>\n\n\n\n<p><strong>Cine<\/strong><br \/>\u00a1Paren las rotativas! \u00a1Extra, extra! <a href=\"https:\/\/www.espinof.com\/directores-y-guionistas\/john-woo-regresa-18-anos-despues-a-hollywood-proyecto-sorprendente-pelicula-muda-accion\">John Woo vuelve para hacer una peli&#8230; muda<\/a>. Desde lo de Nicholas Cage interpret\u00e1ndose a s\u00ed mismo que no me hab\u00eda impactado tanto una noticia. \u00a1Menuda revoluci\u00f3n! Me parece una idea de la que pueden salir planos muy interesantes y de eso Woo sabe lo suyo. Claro que tambi\u00e9n habr\u00e1 que ver si el equipo art\u00edculo aguanta delante de su c\u00e1mara para tener que expresarlo todo (o nada) sin decir una palabra. \u00a1Y la BSO! Eso tambi\u00e9n habr\u00e1 que verlo, quiero decir, o\u00edrlo. Ya tengo otra peli de la que esperar el estreno (la otra <a href=\"https:\/\/www.evasanagustin.com\/workaholic\/2020\/11\/11\/media-news-s46-a20\/\" data-type=\"post\" data-id=\"17549\">sigue siendo<\/a> \u00abMuerte en el Nilo\u00bb).<\/p>\n","protected":false},"excerpt":{"rendered":"<p>Televisi\u00f3nTVE est\u00e1 en edad de jubilaci\u00f3n porque acaba de cumplir los 65. Vale, como a muchos, a\u00fan le quedan unos cuantos a\u00f1os de vida en activo, pero se celebra la misma semana que llega otra nueva suscripci\u00f3n televisiva. As\u00ed que me da por pensar si deber\u00eda reinventarse de alguna manera o es mejor que siga [&hellip;]<\/p>\n","protected":false},"author":1,"featured_media":0,"comment_status":"open","ping_status":"open","sticky":false,"template":"","format":"standard","meta":{"_monsterinsights_skip_tracking":false,"_monsterinsights_sitenote_active":false,"_monsterinsights_sitenote_note":"","_monsterinsights_sitenote_category":0,"site-sidebar-layout":"default","site-content-layout":"","ast-site-content-layout":"default","site-content-style":"default","site-sidebar-style":"default","ast-global-header-display":"","ast-banner-title-visibility":"","ast-main-header-display":"","ast-hfb-above-header-display":"","ast-hfb-below-header-display":"","ast-hfb-mobile-header-display":"","site-post-title":"","ast-breadcrumbs-content":"","ast-featured-img":"","footer-sml-layout":"","ast-disable-related-posts":"","theme-transparent-header-meta":"","adv-header-id-meta":"","stick-header-meta":"","header-above-stick-meta":"","header-main-stick-meta":"","header-below-stick-meta":"","astra-migrate-meta-layouts":"default","ast-page-background-enabled":"default","ast-page-background-meta":{"desktop":{"background-color":"var(--ast-global-color-5)","background-image":"","background-repeat":"repeat","background-position":"center center","background-size":"auto","background-attachment":"scroll","background-type":"","background-media":"","overlay-type":"","overlay-color":"","overlay-opacity":"","overlay-gradient":""},"tablet":{"background-color":"","background-image":"","background-repeat":"repeat","background-position":"center center","background-size":"auto","background-attachment":"scroll","background-type":"","background-media":"","overlay-type":"","overlay-color":"","overlay-opacity":"","overlay-gradient":""},"mobile":{"background-color":"","background-image":"","background-repeat":"repeat","background-position":"center center","background-size":"auto","background-attachment":"scroll","background-type":"","background-media":"","overlay-type":"","overlay-color":"","overlay-opacity":"","overlay-gradient":""}},"ast-content-background-meta":{"desktop":{"background-color":"var(--ast-global-color-4)","background-image":"","background-repeat":"repeat","background-position":"center center","background-size":"auto","background-attachment":"scroll","background-type":"","background-media":"","overlay-type":"","overlay-color":"","overlay-opacity":"","overlay-gradient":""},"tablet":{"background-color":"var(--ast-global-color-4)","background-image":"","background-repeat":"repeat","background-position":"center center","background-size":"auto","background-attachment":"scroll","background-type":"","background-media":"","overlay-type":"","overlay-color":"","overlay-opacity":"","overlay-gradient":""},"mobile":{"background-color":"var(--ast-global-color-4)","background-image":"","background-repeat":"repeat","background-position":"center center","background-size":"auto","background-attachment":"scroll","background-type":"","background-media":"","overlay-type":"","overlay-color":"","overlay-opacity":"","overlay-gradient":""}},"footnotes":""},"categories":[4,5,2,3],"tags":[41,92,57,191,53],"class_list":["post-33263","post","type-post","status-publish","format-standard","hentry","category-cine","category-internet","category-publicidad","category-television","tag-campanas-polemicas","tag-consumo-televisivo","tag-periodismo","tag-premios-de-television","tag-rtve"],"_links":{"self":[{"href":"https:\/\/www.evasanagustin.com\/workaholic\/wp-json\/wp\/v2\/posts\/33263","targetHints":{"allow":["GET"]}}],"collection":[{"href":"https:\/\/www.evasanagustin.com\/workaholic\/wp-json\/wp\/v2\/posts"}],"about":[{"href":"https:\/\/www.evasanagustin.com\/workaholic\/wp-json\/wp\/v2\/types\/post"}],"author":[{"embeddable":true,"href":"https:\/\/www.evasanagustin.com\/workaholic\/wp-json\/wp\/v2\/users\/1"}],"replies":[{"embeddable":true,"href":"https:\/\/www.evasanagustin.com\/workaholic\/wp-json\/wp\/v2\/comments?post=33263"}],"version-history":[{"count":5,"href":"https:\/\/www.evasanagustin.com\/workaholic\/wp-json\/wp\/v2\/posts\/33263\/revisions"}],"predecessor-version":[{"id":33275,"href":"https:\/\/www.evasanagustin.com\/workaholic\/wp-json\/wp\/v2\/posts\/33263\/revisions\/33275"}],"wp:attachment":[{"href":"https:\/\/www.evasanagustin.com\/workaholic\/wp-json\/wp\/v2\/media?parent=33263"}],"wp:term":[{"taxonomy":"category","embeddable":true,"href":"https:\/\/www.evasanagustin.com\/workaholic\/wp-json\/wp\/v2\/categories?post=33263"},{"taxonomy":"post_tag","embeddable":true,"href":"https:\/\/www.evasanagustin.com\/workaholic\/wp-json\/wp\/v2\/tags?post=33263"}],"curies":[{"name":"wp","href":"https:\/\/api.w.org\/{rel}","templated":true}]}}