{"id":331,"date":"2008-02-21T20:48:07","date_gmt":"2008-02-21T19:48:07","guid":{"rendered":"http:\/\/www.evasanagustin.com\/workaholic\/?p=331"},"modified":"2008-02-21T20:47:40","modified_gmt":"2008-02-21T19:47:40","slug":"tv-eurovision-y-elecciones-generales","status":"publish","type":"post","link":"https:\/\/www.evasanagustin.com\/workaholic\/2008\/02\/21\/tv-eurovision-y-elecciones-generales\/","title":{"rendered":"[TV] Eurovisi\u00f3n y Elecciones Generales"},"content":{"rendered":"<p>Parece que \u00faltimamente s\u00f3lo hay dos temas sobre los que hablar: las Elecciones Generales del pr\u00f3ximo 9 de marzo y el Festival de Eurovison, con las votaciones abiertas hasta el d\u00eda 25 de febrero. \u00bfQu\u00e9 tienen en com\u00fan?<\/p>\n<p>Siempre desde el punto de vista televisivo, el debate centra la atenci\u00f3n sobre las Elecciones. Los dos partidos mayoritarios aparecen continuamente en todos los medios (llegando incluso a ser cansinos) y nos olvidamos de que hay otros. Los minoritarios seguro que no ganar\u00e1n m\u00e1s votos que los de su entorno,\u00a0pero no por eso ponen menos ganas.<\/p>\n<p>As\u00ed que hay una pregunta obligada: \u00bfqu\u00e9 ha pasado con el <a href=\"http:\/\/www.cuatro.com\/microsites\/nochehache\/partido.html\" target=\"_blank\">Partido Noche Hache,\u00a0(PNH)<\/a> o <a href=\"http:\/\/www.cuatro.com\/videos\/index.html?xref=20080124ctoultpro_11.Ves\" target=\"_blank\">como lo vayan a llamar<\/a>?\u00a0Por lo visto en la web de Cuatro (el programa no lo sigo) <a href=\"http:\/\/www.cuatro.com\/videos\/index.html?xref=20080201ctoultpro_12.Ves\" target=\"_blank\">tiran adelante<\/a> con la idea que empezaron hace unos meses: Eva Hache, candidata a las Elecciones Generales.<\/p>\n<p>La primera impresi\u00f3n fue de cachondeo, es absurdo que un programa pueda ser partido pol\u00edtico y por tanto pueda plantearse participar en unas elecciones. Ser\u00eda pat\u00e9tico que (\u00bftoda?) su audiencia los votara y dejasen en rid\u00edculo a otros partidos. No s\u00e9 si pensaron en eso al tener la idea, m\u00e1s bien creo que su partido es una herramienta para acercarse a\u00fan m\u00e1s a los pol\u00edticos.<\/p>\n<p>En el bando contrario, Eurovision. Televisi\u00f3n Espa\u00f1ola se mont\u00f3 <a href=\"http:\/\/www.myspace.com\/eurovision2008\" target=\"_blank\">un MySpace para &#8216;salvar&#8217; el Festival<\/a>. Buscaba\u00a0que la gente paticipase y se ha encontrado con que otra cadena le est\u00e1 haciendo quedar mal.\u00a0\u00abBuenafuente\u00bb (tampoco lo sigo) coloca a <a href=\"http:\/\/www.myspace.com\/rodolfochikichiki\" target=\"_blank\">su candidato<\/a> en el primer puesto, muy\u00a0por delante de <a href=\"http:\/\/www.myspace.com\/lacasaazulband\" target=\"_blank\">los que iban en cabeza<\/a>.\u00a0<\/p>\n<p>Otra vez suena a cachondeo,\u00a0pero tampoco lo es. Si sigue este camino, <a href=\"http:\/\/www.rodolfo-chikilicuatre.com\/\" target=\"_blank\">Rodolfo Chikilicuatre<\/a> podr\u00eda ir a Eurovision.\u00a0Igual que el caso anterior, tambi\u00e9n dejar\u00eda en rid\u00edculo\u00a0a alguien: a\u00a0los que s\u00ed ven el Festival como una oportunidad para su carrera (aunque nos quedemos a &#8216;zero points&#8217;). Pese a todo, puesto en el contexto de la lista, hasta puede ser mejor\u00a0que\u00a0otras propuestas.<\/p>\n<p>Los votos que est\u00e1 consiguiendo demuestran que no se toman en serio el Festival. Igual pasar\u00eda con los que votasen a\u00a0Eva Hache, tampoco valorar\u00edan mucho su voto. As\u00ed que respondiendo a la pregunta inicial: en los dos casos,\u00a0dos latenights piden votos. La diferencia es que uno se fija en la politica y el otro en la parodia nacional.<\/p>\n","protected":false},"excerpt":{"rendered":"<p>Parece que \u00faltimamente s\u00f3lo hay dos temas sobre los que hablar: las Elecciones Generales del pr\u00f3ximo 9 de marzo y el Festival de Eurovison, con las votaciones abiertas hasta el d\u00eda 25 de febrero. \u00bfQu\u00e9 tienen en com\u00fan? Siempre desde el punto de vista televisivo, el debate centra la atenci\u00f3n sobre las Elecciones. Los dos [&hellip;]<\/p>\n","protected":false},"author":1,"featured_media":0,"comment_status":"open","ping_status":"open","sticky":false,"template":"","format":"standard","meta":{"_monsterinsights_skip_tracking":false,"_monsterinsights_sitenote_active":false,"_monsterinsights_sitenote_note":"","_monsterinsights_sitenote_category":0,"site-sidebar-layout":"default","site-content-layout":"","ast-site-content-layout":"default","site-content-style":"default","site-sidebar-style":"default","ast-global-header-display":"","ast-banner-title-visibility":"","ast-main-header-display":"","ast-hfb-above-header-display":"","ast-hfb-below-header-display":"","ast-hfb-mobile-header-display":"","site-post-title":"","ast-breadcrumbs-content":"","ast-featured-img":"","footer-sml-layout":"","ast-disable-related-posts":"","theme-transparent-header-meta":"","adv-header-id-meta":"","stick-header-meta":"","header-above-stick-meta":"","header-main-stick-meta":"","header-below-stick-meta":"","astra-migrate-meta-layouts":"default","ast-page-background-enabled":"default","ast-page-background-meta":{"desktop":{"background-color":"var(--ast-global-color-5)","background-image":"","background-repeat":"repeat","background-position":"center center","background-size":"auto","background-attachment":"scroll","background-type":"","background-media":"","overlay-type":"","overlay-color":"","overlay-opacity":"","overlay-gradient":""},"tablet":{"background-color":"","background-image":"","background-repeat":"repeat","background-position":"center center","background-size":"auto","background-attachment":"scroll","background-type":"","background-media":"","overlay-type":"","overlay-color":"","overlay-opacity":"","overlay-gradient":""},"mobile":{"background-color":"","background-image":"","background-repeat":"repeat","background-position":"center center","background-size":"auto","background-attachment":"scroll","background-type":"","background-media":"","overlay-type":"","overlay-color":"","overlay-opacity":"","overlay-gradient":""}},"ast-content-background-meta":{"desktop":{"background-color":"var(--ast-global-color-4)","background-image":"","background-repeat":"repeat","background-position":"center center","background-size":"auto","background-attachment":"scroll","background-type":"","background-media":"","overlay-type":"","overlay-color":"","overlay-opacity":"","overlay-gradient":""},"tablet":{"background-color":"var(--ast-global-color-4)","background-image":"","background-repeat":"repeat","background-position":"center center","background-size":"auto","background-attachment":"scroll","background-type":"","background-media":"","overlay-type":"","overlay-color":"","overlay-opacity":"","overlay-gradient":""},"mobile":{"background-color":"var(--ast-global-color-4)","background-image":"","background-repeat":"repeat","background-position":"center center","background-size":"auto","background-attachment":"scroll","background-type":"","background-media":"","overlay-type":"","overlay-color":"","overlay-opacity":"","overlay-gradient":""}},"footnotes":""},"categories":[3],"tags":[104,193,58,94],"class_list":["post-331","post","type-post","status-publish","format-standard","hentry","category-television","tag-buenafuente","tag-eurovision","tag-musica","tag-politica"],"_links":{"self":[{"href":"https:\/\/www.evasanagustin.com\/workaholic\/wp-json\/wp\/v2\/posts\/331","targetHints":{"allow":["GET"]}}],"collection":[{"href":"https:\/\/www.evasanagustin.com\/workaholic\/wp-json\/wp\/v2\/posts"}],"about":[{"href":"https:\/\/www.evasanagustin.com\/workaholic\/wp-json\/wp\/v2\/types\/post"}],"author":[{"embeddable":true,"href":"https:\/\/www.evasanagustin.com\/workaholic\/wp-json\/wp\/v2\/users\/1"}],"replies":[{"embeddable":true,"href":"https:\/\/www.evasanagustin.com\/workaholic\/wp-json\/wp\/v2\/comments?post=331"}],"version-history":[{"count":0,"href":"https:\/\/www.evasanagustin.com\/workaholic\/wp-json\/wp\/v2\/posts\/331\/revisions"}],"wp:attachment":[{"href":"https:\/\/www.evasanagustin.com\/workaholic\/wp-json\/wp\/v2\/media?parent=331"}],"wp:term":[{"taxonomy":"category","embeddable":true,"href":"https:\/\/www.evasanagustin.com\/workaholic\/wp-json\/wp\/v2\/categories?post=331"},{"taxonomy":"post_tag","embeddable":true,"href":"https:\/\/www.evasanagustin.com\/workaholic\/wp-json\/wp\/v2\/tags?post=331"}],"curies":[{"name":"wp","href":"https:\/\/api.w.org\/{rel}","templated":true}]}}