{"id":314,"date":"2008-01-16T23:58:48","date_gmt":"2008-01-16T22:58:48","guid":{"rendered":"http:\/\/www.evasanagustin.com\/workaholic\/?p=314"},"modified":"2008-01-17T00:30:20","modified_gmt":"2008-01-16T23:30:20","slug":"media-news-s03-a08","status":"publish","type":"post","link":"https:\/\/www.evasanagustin.com\/workaholic\/2008\/01\/16\/media-news-s03-a08\/","title":{"rendered":"Media News S03 A08"},"content":{"rendered":"<p><strong>Televisi\u00f3n<\/strong><br \/>\nDespu\u00e9s de ver el segundo cap\u00edtulo de \u00abAnatom\u00eda de Grey\u00bb estoy m\u00e1s convencida de que las series pierden su toque especial cuando su argumento inicial se agota. Aqu\u00ed se han limitado a hacer profes a los que empezaron siendo alumnos. Pieso en \u00abSiete vidas\u00bb y en c\u00f3mo se olvidaron de la excusa que incluso daba nombre a la serie para crear inevitablemete tambi\u00e9n acabar sin temas.<\/p>\n<p><strong>Publicidad<\/strong><br \/>\nParece ser que\u00a0hay un localidad turca que se llama Zara y a Inditex <a href=\"http:\/\/www.informativos.telecinco.es\/zara\/turquia\/querella\/nombre\/empresas\/dn_60002.htm\" target=\"_blank\">no le hace gracia<\/a> que se utilice comercialmente ese\/su nombre. Al leerlo me ha dado por pensar m\u00e1s bien en los chistes. \u00bfTe imaginas que all\u00ed se use ese pueblo como aqu\u00ed se suele usar Lepe? \u00bfY qu\u00e9 tal un Seat Zara?<\/p>\n<p><strong>Cine<\/strong><br \/>\nCreo que este fin de semana me voy a atraver a ver \u00abLos cr\u00edmenes de Oxford\u00bb. Digo &#8216;atraverme&#8217; porque me\u00a0parece una\u00a0pel\u00edcula que yo ver\u00eda\u00a0con la almohada tapando media pantalla, lista para dejar de mirar lo que me inc\u00f3moda. Pero me apetece temblar un poco en el cine y dejar de asustarme por la vida.<\/p>\n<p><strong>Internet<\/strong><br \/>\nEl Ministerio de Sanidad <a href=\"http:\/\/www.derf.com.ar\/despachos.asp?cod_des=175930&#038;ID_Seccion=21\" target=\"_blank\">ha puesto en marcha<\/a> a \u00abRobin, el robot del sexo\u00bb (como titulaban la noticia en el <em>adn<\/em>). La idea es que los j\u00f3venes puedan agregarlo al Messenger y as\u00ed preguntarle las dudas sobre este tema y m\u00e1s adelante sobre otros. No es mala idea pero creo que ser\u00edan m\u00e1s \u00faltiles\u00a0asesores reales porque por mi experiencia hablando con m\u00e1quinas, cuesta que te entiendan.<\/p>\n","protected":false},"excerpt":{"rendered":"<p>Televisi\u00f3n Despu\u00e9s de ver el segundo cap\u00edtulo de \u00abAnatom\u00eda de Grey\u00bb estoy m\u00e1s convencida de que las series pierden su toque especial cuando su argumento inicial se agota. Aqu\u00ed se han limitado a hacer profes a los que empezaron siendo alumnos. Pieso en \u00abSiete vidas\u00bb y en c\u00f3mo se olvidaron de la excusa que incluso [&hellip;]<\/p>\n","protected":false},"author":1,"featured_media":0,"comment_status":"open","ping_status":"open","sticky":false,"template":"","format":"standard","meta":{"_monsterinsights_skip_tracking":false,"_monsterinsights_sitenote_active":false,"_monsterinsights_sitenote_note":"","_monsterinsights_sitenote_category":0,"site-sidebar-layout":"default","site-content-layout":"","ast-site-content-layout":"default","site-content-style":"default","site-sidebar-style":"default","ast-global-header-display":"","ast-banner-title-visibility":"","ast-main-header-display":"","ast-hfb-above-header-display":"","ast-hfb-below-header-display":"","ast-hfb-mobile-header-display":"","site-post-title":"","ast-breadcrumbs-content":"","ast-featured-img":"","footer-sml-layout":"","ast-disable-related-posts":"","theme-transparent-header-meta":"","adv-header-id-meta":"","stick-header-meta":"","header-above-stick-meta":"","header-main-stick-meta":"","header-below-stick-meta":"","astra-migrate-meta-layouts":"default","ast-page-background-enabled":"default","ast-page-background-meta":{"desktop":{"background-color":"var(--ast-global-color-5)","background-image":"","background-repeat":"repeat","background-position":"center center","background-size":"auto","background-attachment":"scroll","background-type":"","background-media":"","overlay-type":"","overlay-color":"","overlay-opacity":"","overlay-gradient":""},"tablet":{"background-color":"","background-image":"","background-repeat":"repeat","background-position":"center center","background-size":"auto","background-attachment":"scroll","background-type":"","background-media":"","overlay-type":"","overlay-color":"","overlay-opacity":"","overlay-gradient":""},"mobile":{"background-color":"","background-image":"","background-repeat":"repeat","background-position":"center center","background-size":"auto","background-attachment":"scroll","background-type":"","background-media":"","overlay-type":"","overlay-color":"","overlay-opacity":"","overlay-gradient":""}},"ast-content-background-meta":{"desktop":{"background-color":"var(--ast-global-color-4)","background-image":"","background-repeat":"repeat","background-position":"center center","background-size":"auto","background-attachment":"scroll","background-type":"","background-media":"","overlay-type":"","overlay-color":"","overlay-opacity":"","overlay-gradient":""},"tablet":{"background-color":"var(--ast-global-color-4)","background-image":"","background-repeat":"repeat","background-position":"center center","background-size":"auto","background-attachment":"scroll","background-type":"","background-media":"","overlay-type":"","overlay-color":"","overlay-opacity":"","overlay-gradient":""},"mobile":{"background-color":"var(--ast-global-color-4)","background-image":"","background-repeat":"repeat","background-position":"center center","background-size":"auto","background-attachment":"scroll","background-type":"","background-media":"","overlay-type":"","overlay-color":"","overlay-opacity":"","overlay-gradient":""}},"footnotes":""},"categories":[4,5,2,3],"tags":[86,298,68],"class_list":["post-314","post","type-post","status-publish","format-standard","hentry","category-cine","category-internet","category-publicidad","category-television","tag-anatomia-de-grey","tag-marca-comercial","tag-series-de-television"],"_links":{"self":[{"href":"https:\/\/www.evasanagustin.com\/workaholic\/wp-json\/wp\/v2\/posts\/314","targetHints":{"allow":["GET"]}}],"collection":[{"href":"https:\/\/www.evasanagustin.com\/workaholic\/wp-json\/wp\/v2\/posts"}],"about":[{"href":"https:\/\/www.evasanagustin.com\/workaholic\/wp-json\/wp\/v2\/types\/post"}],"author":[{"embeddable":true,"href":"https:\/\/www.evasanagustin.com\/workaholic\/wp-json\/wp\/v2\/users\/1"}],"replies":[{"embeddable":true,"href":"https:\/\/www.evasanagustin.com\/workaholic\/wp-json\/wp\/v2\/comments?post=314"}],"version-history":[{"count":0,"href":"https:\/\/www.evasanagustin.com\/workaholic\/wp-json\/wp\/v2\/posts\/314\/revisions"}],"wp:attachment":[{"href":"https:\/\/www.evasanagustin.com\/workaholic\/wp-json\/wp\/v2\/media?parent=314"}],"wp:term":[{"taxonomy":"category","embeddable":true,"href":"https:\/\/www.evasanagustin.com\/workaholic\/wp-json\/wp\/v2\/categories?post=314"},{"taxonomy":"post_tag","embeddable":true,"href":"https:\/\/www.evasanagustin.com\/workaholic\/wp-json\/wp\/v2\/tags?post=314"}],"curies":[{"name":"wp","href":"https:\/\/api.w.org\/{rel}","templated":true}]}}