{"id":31,"date":"2007-01-16T21:28:51","date_gmt":"2007-01-16T20:28:51","guid":{"rendered":"http:\/\/www.evasanagustin.com\/workaholic\/?p=31"},"modified":"2007-01-16T21:31:34","modified_gmt":"2007-01-16T20:31:34","slug":"tv-la-audiencia-juzga","status":"publish","type":"post","link":"https:\/\/www.evasanagustin.com\/workaholic\/2007\/01\/16\/tv-la-audiencia-juzga\/","title":{"rendered":"[TV] La audiencia juzga"},"content":{"rendered":"<p>Manuel Campo Vidal se estren\u00f3 ayer como <a href=\"http:\/\/www.diarioadn.com\/tv\/detail.php?id=20311\" target=\"_blank\">nuevo comentarista<\/a> en la columna de televisi\u00f3n <em>La M\u00eda<\/em> del <em>diario adn<\/em> con \u00ab<a href=\"http:\/\/www.diarioadn.com\/tv\/detail.php?id=20437\" target=\"_blank\">Su Excelencia el espectador<\/a>\u00ab. Bajo este t\u00edtulo esperaba encontrar algunas palabras sobre el poder del telespectador (quiz\u00e1 influenciada por los aires de <a href=\"http:\/\/www.evasanagustin.com\/workaholic\/index.php?tag=television-2.0\">Televisi\u00f3n 2.0<\/a> que respiro \u00faltimamente), pero en realidad el presidente de la Academia de televisi\u00f3n se refer\u00eda al General\u00edsimo.<\/p>\n<p>Escrib\u00eda Campo Vidal las palabras de Tico Medina \u00ab<em>El problema cuando naci\u00f3 TVE no era la audiencia, sino el espectador<\/em>\u00bb que le llevaban a concluir con un \u00ab<em>Lo de la guerra de las audiencias es cruel, pero lo del espectador \u00fanico, juez supremo, era peor porque al telefonazo le segu\u00eda un motorista con el cese<\/em>\u00ab.<\/p>\n<p>\u00bfNo <strong>ser\u00eda maravilloso que las cadenas nos tratasen como los jueces que deciden su futuro<\/strong>?\u00a0Es dif\u00edcil contentar a todos, dir\u00edan los programadores. Haced una televisi\u00f3n que respete a la audiencia y no se os podr\u00e1 juzgar, les responder\u00eda.<\/p>\n<p>La audiencia la forman el conjunto de telespectadores, todos somos los jueces de las cadenas. <strong>Nuestro m\u00e1ximo castigo es dejar de verlas<\/strong>.<\/p>\n","protected":false},"excerpt":{"rendered":"<p>Manuel Campo Vidal se estren\u00f3 ayer como nuevo comentarista en la columna de televisi\u00f3n La M\u00eda del diario adn con \u00abSu Excelencia el espectador\u00ab. Bajo este t\u00edtulo esperaba encontrar algunas palabras sobre el poder del telespectador (quiz\u00e1 influenciada por los aires de Televisi\u00f3n 2.0 que respiro \u00faltimamente), pero en realidad el presidente de la Academia [&hellip;]<\/p>\n","protected":false},"author":1,"featured_media":0,"comment_status":"open","ping_status":"open","sticky":false,"template":"","format":"standard","meta":{"_monsterinsights_skip_tracking":false,"_monsterinsights_sitenote_active":false,"_monsterinsights_sitenote_note":"","_monsterinsights_sitenote_category":0,"site-sidebar-layout":"default","site-content-layout":"","ast-site-content-layout":"default","site-content-style":"default","site-sidebar-style":"default","ast-global-header-display":"","ast-banner-title-visibility":"","ast-main-header-display":"","ast-hfb-above-header-display":"","ast-hfb-below-header-display":"","ast-hfb-mobile-header-display":"","site-post-title":"","ast-breadcrumbs-content":"","ast-featured-img":"","footer-sml-layout":"","ast-disable-related-posts":"","theme-transparent-header-meta":"","adv-header-id-meta":"","stick-header-meta":"","header-above-stick-meta":"","header-main-stick-meta":"","header-below-stick-meta":"","astra-migrate-meta-layouts":"default","ast-page-background-enabled":"default","ast-page-background-meta":{"desktop":{"background-color":"var(--ast-global-color-5)","background-image":"","background-repeat":"repeat","background-position":"center center","background-size":"auto","background-attachment":"scroll","background-type":"","background-media":"","overlay-type":"","overlay-color":"","overlay-opacity":"","overlay-gradient":""},"tablet":{"background-color":"","background-image":"","background-repeat":"repeat","background-position":"center center","background-size":"auto","background-attachment":"scroll","background-type":"","background-media":"","overlay-type":"","overlay-color":"","overlay-opacity":"","overlay-gradient":""},"mobile":{"background-color":"","background-image":"","background-repeat":"repeat","background-position":"center center","background-size":"auto","background-attachment":"scroll","background-type":"","background-media":"","overlay-type":"","overlay-color":"","overlay-opacity":"","overlay-gradient":""}},"ast-content-background-meta":{"desktop":{"background-color":"var(--ast-global-color-4)","background-image":"","background-repeat":"repeat","background-position":"center center","background-size":"auto","background-attachment":"scroll","background-type":"","background-media":"","overlay-type":"","overlay-color":"","overlay-opacity":"","overlay-gradient":""},"tablet":{"background-color":"var(--ast-global-color-4)","background-image":"","background-repeat":"repeat","background-position":"center center","background-size":"auto","background-attachment":"scroll","background-type":"","background-media":"","overlay-type":"","overlay-color":"","overlay-opacity":"","overlay-gradient":""},"mobile":{"background-color":"var(--ast-global-color-4)","background-image":"","background-repeat":"repeat","background-position":"center center","background-size":"auto","background-attachment":"scroll","background-type":"","background-media":"","overlay-type":"","overlay-color":"","overlay-opacity":"","overlay-gradient":""}},"footnotes":""},"categories":[3],"tags":[13,52,30],"class_list":["post-31","post","type-post","status-publish","format-standard","hentry","category-television","tag-audiencias","tag-telespectadores","tag-television-20"],"_links":{"self":[{"href":"https:\/\/www.evasanagustin.com\/workaholic\/wp-json\/wp\/v2\/posts\/31","targetHints":{"allow":["GET"]}}],"collection":[{"href":"https:\/\/www.evasanagustin.com\/workaholic\/wp-json\/wp\/v2\/posts"}],"about":[{"href":"https:\/\/www.evasanagustin.com\/workaholic\/wp-json\/wp\/v2\/types\/post"}],"author":[{"embeddable":true,"href":"https:\/\/www.evasanagustin.com\/workaholic\/wp-json\/wp\/v2\/users\/1"}],"replies":[{"embeddable":true,"href":"https:\/\/www.evasanagustin.com\/workaholic\/wp-json\/wp\/v2\/comments?post=31"}],"version-history":[{"count":0,"href":"https:\/\/www.evasanagustin.com\/workaholic\/wp-json\/wp\/v2\/posts\/31\/revisions"}],"wp:attachment":[{"href":"https:\/\/www.evasanagustin.com\/workaholic\/wp-json\/wp\/v2\/media?parent=31"}],"wp:term":[{"taxonomy":"category","embeddable":true,"href":"https:\/\/www.evasanagustin.com\/workaholic\/wp-json\/wp\/v2\/categories?post=31"},{"taxonomy":"post_tag","embeddable":true,"href":"https:\/\/www.evasanagustin.com\/workaholic\/wp-json\/wp\/v2\/tags?post=31"}],"curies":[{"name":"wp","href":"https:\/\/api.w.org\/{rel}","templated":true}]}}