{"id":161,"date":"2007-06-03T15:38:25","date_gmt":"2007-06-03T13:38:25","guid":{"rendered":"http:\/\/www.evasanagustin.com\/workaholic\/?p=161"},"modified":"2007-06-03T16:05:03","modified_gmt":"2007-06-03T14:05:03","slug":"tv-miramar-tambien-tiene-historia","status":"publish","type":"post","link":"https:\/\/www.evasanagustin.com\/workaholic\/2007\/06\/03\/tv-miramar-tambien-tiene-historia\/","title":{"rendered":"[TV] Miramar tambi\u00e9n tiene historia"},"content":{"rendered":"<p>Esta noche, <a href=\"http:\/\/rtve.oasyssoft.com\/?go=RiouIZXiqUv+0FsK\/H9cTwErxVW14NI9jTP4\/3xweq228UmWT8avjOrat94=\" target=\"_blank\">La2 estrena<\/a> en desconexi\u00f3n para Catalunya \u00abMem\u00f2ries de la tele\u00bb,\u00a0un programa semanal que busca acercarse al aniversario de Miramar, ahora Sant Cugat, despu\u00e9s de haber celebrado el 50 de TVE.<\/p>\n<p>Presentado por Jordi Hurtado, \u00abMem\u00f2ries de la tele\u00bb durar\u00e1 50 minutos y tendr\u00e1 dos partes. En la primera se repasar\u00e1n programas hist\u00f3ricos y en la segunda entrevistas a pioneros. Todo gracias a la digitalizaci\u00f3n de 18.000 latas de cine y 15.000 latas de grabaciones antiguas.<\/p>\n<p>Precisamente el viernes en <a href=\"http:\/\/www.evasanagustin.com\/workaholic\/?p=159\">la exposi\u00f3n \u00abActiva&#8217;t\u00bb<\/a> (muy decepcionante por cierto) me entr\u00f3 cierta nostalgia al ver la primera retransmisi\u00f3n de TV3, del C33 (no tanto del 3\/24), incluso cabeceras de programas y series de los inicios que me hicieron sonreir mucho m\u00e1s que recordar momentos deportivos o informativos de los \u00faltimos a\u00f1os.<\/p>\n<p>Dec\u00edamos con motivo de <a href=\"http:\/\/www.evasanagustin.com\/workaholic\/?p=152\">la campa\u00f1a de Coca-Cola<\/a> que la nostalgia vende, entonces \u00bfpor qu\u00e9 no un acceso libre a los archivos hist\u00f3ricos de televisi\u00f3n?<\/p>\n<p>Por cierto, si se te pasa el programa, en la web de RTVE he encontrado\u00a0<a href=\"http:\/\/www.rtve.es\/tve\/b\/catalunya\/comunicacion\/historia.htm\" target=\"_blank\">los inicios de Miramar<\/a>, tambi\u00e9n <a href=\"http:\/\/www.rtve.es\/tve\/b\/catalunya\/comunicacion\/historia\/textolanostrehistoria.pdf\" target=\"_blank\">en PDF<\/a>.<\/p>\n","protected":false},"excerpt":{"rendered":"<p>Esta noche, La2 estrena en desconexi\u00f3n para Catalunya \u00abMem\u00f2ries de la tele\u00bb,\u00a0un programa semanal que busca acercarse al aniversario de Miramar, ahora Sant Cugat, despu\u00e9s de haber celebrado el 50 de TVE. Presentado por Jordi Hurtado, \u00abMem\u00f2ries de la tele\u00bb durar\u00e1 50 minutos y tendr\u00e1 dos partes. En la primera se repasar\u00e1n programas hist\u00f3ricos y [&hellip;]<\/p>\n","protected":false},"author":1,"featured_media":0,"comment_status":"open","ping_status":"open","sticky":false,"template":"","format":"standard","meta":{"_monsterinsights_skip_tracking":false,"_monsterinsights_sitenote_active":false,"_monsterinsights_sitenote_note":"","_monsterinsights_sitenote_category":0,"site-sidebar-layout":"default","site-content-layout":"","ast-site-content-layout":"default","site-content-style":"default","site-sidebar-style":"default","ast-global-header-display":"","ast-banner-title-visibility":"","ast-main-header-display":"","ast-hfb-above-header-display":"","ast-hfb-below-header-display":"","ast-hfb-mobile-header-display":"","site-post-title":"","ast-breadcrumbs-content":"","ast-featured-img":"","footer-sml-layout":"","ast-disable-related-posts":"","theme-transparent-header-meta":"","adv-header-id-meta":"","stick-header-meta":"","header-above-stick-meta":"","header-main-stick-meta":"","header-below-stick-meta":"","astra-migrate-meta-layouts":"default","ast-page-background-enabled":"default","ast-page-background-meta":{"desktop":{"background-color":"var(--ast-global-color-5)","background-image":"","background-repeat":"repeat","background-position":"center center","background-size":"auto","background-attachment":"scroll","background-type":"","background-media":"","overlay-type":"","overlay-color":"","overlay-opacity":"","overlay-gradient":""},"tablet":{"background-color":"","background-image":"","background-repeat":"repeat","background-position":"center center","background-size":"auto","background-attachment":"scroll","background-type":"","background-media":"","overlay-type":"","overlay-color":"","overlay-opacity":"","overlay-gradient":""},"mobile":{"background-color":"","background-image":"","background-repeat":"repeat","background-position":"center center","background-size":"auto","background-attachment":"scroll","background-type":"","background-media":"","overlay-type":"","overlay-color":"","overlay-opacity":"","overlay-gradient":""}},"ast-content-background-meta":{"desktop":{"background-color":"var(--ast-global-color-4)","background-image":"","background-repeat":"repeat","background-position":"center center","background-size":"auto","background-attachment":"scroll","background-type":"","background-media":"","overlay-type":"","overlay-color":"","overlay-opacity":"","overlay-gradient":""},"tablet":{"background-color":"var(--ast-global-color-4)","background-image":"","background-repeat":"repeat","background-position":"center center","background-size":"auto","background-attachment":"scroll","background-type":"","background-media":"","overlay-type":"","overlay-color":"","overlay-opacity":"","overlay-gradient":""},"mobile":{"background-color":"var(--ast-global-color-4)","background-image":"","background-repeat":"repeat","background-position":"center center","background-size":"auto","background-attachment":"scroll","background-type":"","background-media":"","overlay-type":"","overlay-color":"","overlay-opacity":"","overlay-gradient":""}},"footnotes":""},"categories":[3],"tags":[35,204],"class_list":["post-161","post","type-post","status-publish","format-standard","hentry","category-television","tag-historia-de-la-television","tag-la2"],"_links":{"self":[{"href":"https:\/\/www.evasanagustin.com\/workaholic\/wp-json\/wp\/v2\/posts\/161","targetHints":{"allow":["GET"]}}],"collection":[{"href":"https:\/\/www.evasanagustin.com\/workaholic\/wp-json\/wp\/v2\/posts"}],"about":[{"href":"https:\/\/www.evasanagustin.com\/workaholic\/wp-json\/wp\/v2\/types\/post"}],"author":[{"embeddable":true,"href":"https:\/\/www.evasanagustin.com\/workaholic\/wp-json\/wp\/v2\/users\/1"}],"replies":[{"embeddable":true,"href":"https:\/\/www.evasanagustin.com\/workaholic\/wp-json\/wp\/v2\/comments?post=161"}],"version-history":[{"count":0,"href":"https:\/\/www.evasanagustin.com\/workaholic\/wp-json\/wp\/v2\/posts\/161\/revisions"}],"wp:attachment":[{"href":"https:\/\/www.evasanagustin.com\/workaholic\/wp-json\/wp\/v2\/media?parent=161"}],"wp:term":[{"taxonomy":"category","embeddable":true,"href":"https:\/\/www.evasanagustin.com\/workaholic\/wp-json\/wp\/v2\/categories?post=161"},{"taxonomy":"post_tag","embeddable":true,"href":"https:\/\/www.evasanagustin.com\/workaholic\/wp-json\/wp\/v2\/tags?post=161"}],"curies":[{"name":"wp","href":"https:\/\/api.w.org\/{rel}","templated":true}]}}