{"id":15875,"date":"2020-04-27T08:08:00","date_gmt":"2020-04-27T06:08:00","guid":{"rendered":"https:\/\/www.evasanagustin.com\/workaholic\/?p=15875"},"modified":"2020-04-25T11:55:47","modified_gmt":"2020-04-25T09:55:47","slug":"contenidos-como-evitar-el-texto-plano-en-las-redes-sociales","status":"publish","type":"post","link":"https:\/\/www.evasanagustin.com\/workaholic\/2020\/04\/27\/contenidos-como-evitar-el-texto-plano-en-las-redes-sociales\/","title":{"rendered":"[Contenidos] \u00bfC\u00f3mo evitar el texto plano en las redes sociales?"},"content":{"rendered":"\n<p>Las redes sociales convierten los textos de los usuarios en iguales: formalmente, todos se parecen. Incluso utilizando opciones pagadas o perfiles algo diferentes (corporativos, verificados), <strong>no se puede cambiar la tipograf\u00eda<\/strong> de las actualizaciones para darle un toque personal. <\/p>\n\n\n\n<p>Todos tenemos que usar la fuente que ellos quieren, al tama\u00f1o que nos permiten y no podemos darle ning\u00fan formato. Nada de negrita, cursiva, vi\u00f1etas, columnas&#8230; Para los que estamos acostumbrados a <a href=\"https:\/\/www.evasanagustin.com\/workaholic\/2014\/09\/01\/contenidos-si-no-enlazas-no-eres-un-buen-curator\/\">regar el texto con referencias<\/a>, es una pesadilla no poder elegir las palabras que servir\u00e1n de enlace (anchor text).<\/p>\n\n\n\n<p>As\u00ed son las redes sociales, embajadas, no espacios propios. Aceptamos sus t\u00e9rminos y limitaciones porque \u00bfnos conviene? Nos dan los hashtags y emojis para entretenernos, nos dan cada vez m\u00e1s espacio para fotos y gifs, pero <strong>ninguna red se preocupa del texto<\/strong>, como mucho para hacer accesibles las im\u00e1genes.<\/p>\n\n\n\n<h2 class=\"wp-block-heading\">\u00bfPor qu\u00e9 deber\u00eda cuidarse el formato del texto? <\/h2>\n\n\n\n<p>Un procesador de texto ofrece much\u00edsimas opciones para que el resultado final sea m\u00e1s \u00bfprofesional? WordPress, Tumblr, Medium&#8230; los gestores de contenidos tambi\u00e9n lo permiten, aunque con men\u00fas m\u00e1s b\u00e1sicos. Entonces, \u00bfpor qu\u00e9 Twitter, LinkedIn, Facebook o Instagram no respetan<strong> el formato de las actualizaciones texto<\/strong>?<\/p>\n\n\n\n<p><strong>Escribir texto plano es un retroceso<\/strong>. Usarlo, tal y como nos obligan las redes sociales, nos limita:<\/p>\n\n\n\n<ul class=\"wp-block-list\"><li>No permite <strong>destacar <\/strong>lo que consideramos m\u00e1s importante y que debe leerse (negritas, subt\u00edtulos). <\/li><li>No podemos <strong>organizar <\/strong>visualmente el texto (vi\u00f1etas, columnas).<\/li><li>No nos deja <strong>expresar <\/strong>textualmente nuestra personalidad (identidad visual corporativa).<\/li><\/ul>\n\n\n\n<p>Aunque sean fotos o v\u00eddeos, siguiendo la tendencia de que son las que mejores resultados consiguen, <strong>las actualizaciones siempre van acompa\u00f1adas de texto<\/strong>. Siempre, s\u00ed: en el tuit que enlaza al v\u00eddeo, en Facebook para acompa\u00f1ar la imagen o como nota al pie en Instagram. Siempre hay como m\u00ednimo un par de palabras.<\/p>\n\n\n\n<h2 class=\"wp-block-heading\">\u00bfC\u00f3mo cambiar el formato del texto en las redes sociales?<\/h2>\n\n\n\n<p>El texto no se puede formatear desde sus propias p\u00e1ginas, tampoco en sus apps ni con herramientas de gesti\u00f3n de cuentas. Tampoco aceptan c\u00f3digo HTML, aunque quiz\u00e1 en el futuro s\u00ed <strong>lenguaje markdown<\/strong>. <\/p>\n\n\n\n<p>Mientras, hay <strong>herramientas <\/strong>espec\u00edficas para a\u00f1adir algo de estilo propio al texto, como <a href=\"https:\/\/yaytext.com\/es\/negrita-it%C3%A1lica\/\">YayText<\/a>: basta con escribir, formatear, copiar el texto resultante y pegarlo en la red social. <a href=\"https:\/\/twitter.com\/salutcat\/status\/1239301162555379714?s=20\">Un ejemplo<\/a>.<\/p>\n\n\n\n<p>Adem\u00e1s de estas herramientas, tambi\u00e9n est\u00e1 <strong>la creatividad de los usuarios<\/strong> para dar un plus visual al texto. Algunos ejemplos.<\/p>\n\n\n\n<h3 class=\"wp-block-heading\">Twitter<\/h3>\n\n\n\n<ul class=\"wp-block-list\"><li>Utilizar <a href=\"https:\/\/twitter.com\/filmax\/status\/1246070396333350912?s=20\">los <strong>emojis<\/strong> para hacer vi\u00f1etas<\/a> o cualquier <a href=\"https:\/\/twitter.com\/teena_thach\/status\/1234581851248836608?s=20\">otra cosa<\/a>.<\/li><li>Usar <a href=\"https:\/\/twitter.com\/VeryGoodCopy\/status\/1242868105723944961?s=20\">los <strong>hashtags<\/strong> como etiquetas de un post<\/a>.<\/li><li>Crear <a href=\"https:\/\/twitter.com\/JordiPM\/status\/1241473074400198661?s=20\">notas bibliogr\u00e1ficas<\/a>.<\/li><li>Dejar <a href=\"https:\/\/twitter.com\/salesforce\/status\/1223011820740284416\">espacios para crear columnas<\/a>.<\/li><\/ul>\n\n\n\n<p>Curiosamente, <a href=\"https:\/\/twitter.com\/TheReplayHero\/status\/1234179915290947586\">Twitter prioriza el texto de las im\u00e1genes<\/a> para recortarlas en las miniaturas.<\/p>\n\n\n\n<h3 class=\"wp-block-heading\">LinkedIn<\/h3>\n\n\n\n<ul class=\"wp-block-list\"><li>Las actualizaciones no admiten formato, pero s\u00ed uno simple para <a href=\"https:\/\/www.linkedin.com\/help\/linkedin\/answer\/47538\">los art\u00edculos<\/a>.<\/li><\/ul>\n\n\n\n<h3 class=\"wp-block-heading\">Instagram<\/h3>\n\n\n\n<ul class=\"wp-block-list\"><li>Utilizar los <strong>emojis <\/strong>en recetas como <a href=\"https:\/\/www.instagram.com\/p\/B_XF6kDKZcC\/\">vi\u00f1etas<\/a> o <a href=\"https:\/\/www.instagram.com\/p\/B-e3GpQCGXs\/\">checklist<\/a>, tambi\u00e9n para <a href=\"https:\/\/www.instagram.com\/p\/B-whRtHIZYj\/\">identificar fotos<\/a> o, lo m\u00e1s habitual, <a href=\"https:\/\/www.instagram.com\/p\/B_NKWmEpVoo\/\">entre el texto<\/a>.<\/li><li>Dejar para la \u00faltima <strong>foto <\/strong>del carrusel <a href=\"https:\/\/www.instagram.com\/p\/B8tvsb3K-TD\/\">el texto de una imagen ancha<\/a>, aunque se esquive esa opci\u00f3n en <a href=\"https:\/\/www.instagram.com\/p\/B9TgqthHS4x\/\">panor\u00e1micas de paisajes<\/a> (mejor que <a href=\"https:\/\/www.instagram.com\/p\/B-HG_5QnsiD\/\">varias en el perfil<\/a>) o con fotos <a href=\"https:\/\/www.instagram.com\/p\/B9dXawvImcz\/?igshid=1tusvnfgrjsld\">muy anchas<\/a>.<\/li><\/ul>\n\n\n\n<h3 class=\"wp-block-heading\">Facebook<\/h3>\n\n\n\n<ul class=\"wp-block-list\"><li><strong>Perfiles<\/strong>: pueden a\u00f1adir fondos de colores y con motivos a las actualizaciones, aunque <a href=\"https:\/\/www.facebook.com\/help\/1137641279683518\">el tama\u00f1o es variable<\/a>, y pueden <a href=\"https:\/\/www.facebook.com\/notes\">crear notas<\/a> que casi son posts. Eso s\u00ed, en los <strong>comentarios <\/strong>se cambia autom\u00e1ticamente el color de palabras como \u00abfelicidades\u00bb. <\/li><li><strong>P\u00e1ginas<\/strong>: tambi\u00e9n pueden crear <strong>notas <\/strong>(\u00fatiles para <a href=\"https:\/\/www.facebook.com\/pg\/FiniGolosinas\/notes\/?ref=page_internal\">bases legales<\/a>). especialmente <a href=\"https:\/\/www.facebook.com\/notes\/poliedric\/somos-poli%C3%A8dric\/10154972900882957\/\">la destacada como <strong>historia<\/strong><\/a><strong> <\/strong>en la barra lateral.<\/li><li><strong>Grupos<\/strong>: los \u00fanicos que, de momento, <a href=\"https:\/\/www.facebook.com\/help\/1978961375733163\">s\u00ed tienen algo de formato<\/a> dentro de la actualizaci\u00f3n. \u00bfPor qu\u00e9 no lo extender\u00e1n al resto?<\/li><\/ul>\n\n\n\n<h3 class=\"wp-block-heading\">WhatsApp<\/h3>\n\n\n\n<p>Desde <a href=\"https:\/\/faq.whatsapp.com\/en\/android\/26000002\/\">su p\u00e1gina de soporte<\/a> muestran c\u00f3mo a\u00f1adir negrita, cursiva y tachar palabras. Es un marcado simple, pero seguramente nunca lo hab\u00edas visto en un chat. L\u00f3gico si tenemos en cuenta que los usuarios prefieren elegir un emoji (pulgar) que escribir un par de letras (ok).<\/p>\n\n\n<span class='bctt-click-to-tweet'><span class='bctt-ctt-text'><a href='https:\/\/x.com\/intent\/tweet?url=https%3A%2F%2Fwww.evasanagustin.com%2Fworkaholic%2F2020%2F04%2F27%2Fcontenidos-como-evitar-el-texto-plano-en-las-redes-sociales%2F&#038;text=%C2%BFTe%20has%20fijado%20en%20las%20opciones%20de%20formato%20que%20ofrecen%20las%20redes%20sociales%3F%20Seguramente%20no%20porque%20casi%20no%20hay.&#038;via=evasanagustin&#038;related=evasanagustin' target='_blank'rel=\"noopener noreferrer\">\u00bfTe has fijado en las opciones de formato que ofrecen las redes sociales? Seguramente no porque casi no hay. <\/a><\/span><a href='https:\/\/x.com\/intent\/tweet?url=https%3A%2F%2Fwww.evasanagustin.com%2Fworkaholic%2F2020%2F04%2F27%2Fcontenidos-como-evitar-el-texto-plano-en-las-redes-sociales%2F&#038;text=%C2%BFTe%20has%20fijado%20en%20las%20opciones%20de%20formato%20que%20ofrecen%20las%20redes%20sociales%3F%20Seguramente%20no%20porque%20casi%20no%20hay.&#038;via=evasanagustin&#038;related=evasanagustin' target='_blank' class='bctt-ctt-btn'rel=\"noopener noreferrer\">Compartir en X<\/a><\/span>\n\n\n<h2 class=\"wp-block-heading\">\u00bfC\u00f3mo redactar los textos sociales con estilo?<\/h2>\n\n\n\n<p>Una de las tareas del content editor es <a href=\"https:\/\/www.evasanagustin.com\/workaholic\/2019\/02\/11\/contenidos-el-orden-en-la-redaccion-titulos-parrafos-y-enlaces\/\">ordenar el texto<\/a> para que sea f\u00e1cil de leer, lo que incluye la <strong>jerarqu\u00eda visual<\/strong>. Pero, imaginemos que la opci\u00f3n f\u00e1cil de recurrir a v\u00eddeos, im\u00e1genes, emojis, gifs y cualquier otro formato que nos haga destacar es imposible. Centr\u00e1ndonos \u00fanicamente en las palabras, lo que podemos hacer es:<\/p>\n\n\n\n<ul class=\"wp-block-list\"><li><strong><a href=\"https:\/\/www.evasanagustin.com\/workaholic\/2020\/01\/27\/contenidos-10-tareas-que-explican-que-es-la-estrategia-de-contenidos\/\">Definir una voz y un tono<\/a><\/strong> que sean diferenciales, no basados en mensajes y estilos corrientes.<\/li><li><strong><a href=\"https:\/\/www.evasanagustin.com\/workaholic\/2016\/07\/04\/contenidos-casar-palabras-que-gran-oficio\/\">Elegir mejor las palabras<\/a><\/strong> para que transmitan por si mismas la personalidad del emisor. <\/li><\/ul>\n\n\n\n<p>Si el texto plano es lo \u00fanico que tenemos, tenemos que cuidarlo. Por eso, la estrategia de <a href=\"https:\/\/amzn.to\/3bExFZB\">contenidos en redes sociales<\/a> deber\u00eda incluir <a href=\"https:\/\/www.marketingdecontenidos.es\/faqs\/para-que-sirve-una-guia-de-estilo\/\">una <strong>Gu\u00eda de estilo<\/strong><\/a> que se preocupe por las palabras m\u00e1s que por las im\u00e1genes (para eso ya est\u00e1 el Manual de identidad corporativa).<\/p>\n","protected":false},"excerpt":{"rendered":"<p>Las redes sociales convierten los textos de los usuarios en iguales: formalmente, todos se parecen. Incluso utilizando opciones pagadas o perfiles algo diferentes (corporativos, verificados), no se puede cambiar la tipograf\u00eda de las actualizaciones para darle un toque personal. Todos tenemos que usar la fuente que ellos quieren, al tama\u00f1o que nos permiten y no [&hellip;]<\/p>\n","protected":false},"author":1,"featured_media":0,"comment_status":"open","ping_status":"open","sticky":false,"template":"","format":"standard","meta":{"_monsterinsights_skip_tracking":false,"_monsterinsights_sitenote_active":false,"_monsterinsights_sitenote_note":"","_monsterinsights_sitenote_category":0,"site-sidebar-layout":"default","site-content-layout":"","ast-site-content-layout":"default","site-content-style":"default","site-sidebar-style":"default","ast-global-header-display":"","ast-banner-title-visibility":"","ast-main-header-display":"","ast-hfb-above-header-display":"","ast-hfb-below-header-display":"","ast-hfb-mobile-header-display":"","site-post-title":"","ast-breadcrumbs-content":"","ast-featured-img":"","footer-sml-layout":"","ast-disable-related-posts":"","theme-transparent-header-meta":"","adv-header-id-meta":"","stick-header-meta":"","header-above-stick-meta":"","header-main-stick-meta":"","header-below-stick-meta":"","astra-migrate-meta-layouts":"default","ast-page-background-enabled":"default","ast-page-background-meta":{"desktop":{"background-color":"var(--ast-global-color-5)","background-image":"","background-repeat":"repeat","background-position":"center center","background-size":"auto","background-attachment":"scroll","background-type":"","background-media":"","overlay-type":"","overlay-color":"","overlay-opacity":"","overlay-gradient":""},"tablet":{"background-color":"","background-image":"","background-repeat":"repeat","background-position":"center center","background-size":"auto","background-attachment":"scroll","background-type":"","background-media":"","overlay-type":"","overlay-color":"","overlay-opacity":"","overlay-gradient":""},"mobile":{"background-color":"","background-image":"","background-repeat":"repeat","background-position":"center center","background-size":"auto","background-attachment":"scroll","background-type":"","background-media":"","overlay-type":"","overlay-color":"","overlay-opacity":"","overlay-gradient":""}},"ast-content-background-meta":{"desktop":{"background-color":"var(--ast-global-color-4)","background-image":"","background-repeat":"repeat","background-position":"center center","background-size":"auto","background-attachment":"scroll","background-type":"","background-media":"","overlay-type":"","overlay-color":"","overlay-opacity":"","overlay-gradient":""},"tablet":{"background-color":"var(--ast-global-color-4)","background-image":"","background-repeat":"repeat","background-position":"center center","background-size":"auto","background-attachment":"scroll","background-type":"","background-media":"","overlay-type":"","overlay-color":"","overlay-opacity":"","overlay-gradient":""},"mobile":{"background-color":"var(--ast-global-color-4)","background-image":"","background-repeat":"repeat","background-position":"center center","background-size":"auto","background-attachment":"scroll","background-type":"","background-media":"","overlay-type":"","overlay-color":"","overlay-opacity":"","overlay-gradient":""}},"footnotes":""},"categories":[412],"tags":[343,475,532,557,167,559,470],"class_list":["post-15875","post","type-post","status-publish","format-standard","hentry","category-redaccion-de-contenidos","tag-facebook","tag-guia-de-estilo","tag-instagram","tag-linkedin","tag-twitter","tag-voz-y-tono","tag-whatsapp"],"_links":{"self":[{"href":"https:\/\/www.evasanagustin.com\/workaholic\/wp-json\/wp\/v2\/posts\/15875","targetHints":{"allow":["GET"]}}],"collection":[{"href":"https:\/\/www.evasanagustin.com\/workaholic\/wp-json\/wp\/v2\/posts"}],"about":[{"href":"https:\/\/www.evasanagustin.com\/workaholic\/wp-json\/wp\/v2\/types\/post"}],"author":[{"embeddable":true,"href":"https:\/\/www.evasanagustin.com\/workaholic\/wp-json\/wp\/v2\/users\/1"}],"replies":[{"embeddable":true,"href":"https:\/\/www.evasanagustin.com\/workaholic\/wp-json\/wp\/v2\/comments?post=15875"}],"version-history":[{"count":20,"href":"https:\/\/www.evasanagustin.com\/workaholic\/wp-json\/wp\/v2\/posts\/15875\/revisions"}],"predecessor-version":[{"id":16271,"href":"https:\/\/www.evasanagustin.com\/workaholic\/wp-json\/wp\/v2\/posts\/15875\/revisions\/16271"}],"wp:attachment":[{"href":"https:\/\/www.evasanagustin.com\/workaholic\/wp-json\/wp\/v2\/media?parent=15875"}],"wp:term":[{"taxonomy":"category","embeddable":true,"href":"https:\/\/www.evasanagustin.com\/workaholic\/wp-json\/wp\/v2\/categories?post=15875"},{"taxonomy":"post_tag","embeddable":true,"href":"https:\/\/www.evasanagustin.com\/workaholic\/wp-json\/wp\/v2\/tags?post=15875"}],"curies":[{"name":"wp","href":"https:\/\/api.w.org\/{rel}","templated":true}]}}