{"id":147,"date":"2007-05-16T21:18:48","date_gmt":"2007-05-16T19:18:48","guid":{"rendered":"http:\/\/www.evasanagustin.com\/workaholic\/?p=147"},"modified":"2008-09-09T18:09:02","modified_gmt":"2008-09-09T16:09:02","slug":"media-news-s20-a07","status":"publish","type":"post","link":"https:\/\/www.evasanagustin.com\/workaholic\/2007\/05\/16\/media-news-s20-a07\/","title":{"rendered":"Media News S20 A07"},"content":{"rendered":"<p>Esta semana, las noticias van de dos en dos.<strong>\u00a0<\/strong><\/p>\n<p><strong>Televisi\u00f3n<\/strong><br \/>\nDos noticias destacan esta semana en nuestro televisor: <a href=\"http:\/\/www.minutouno.com\/1\/hoy\/article\/%BFPor-qu%E9-Telef%F3nica-vendi%F3-la-productora-de-Gran-Hermano%5Eid_27221.htm\" target=\"_blank\">TeleCinco compra Endemol<\/a> y laSexta se hace con <a href=\"http:\/\/www.formulatv.com\/1,20070515,4465,1.html\" target=\"_blank\">los derechos de la F\u00f3rmula 1<\/a>. A\u00fan intento asimilar <a href=\"http:\/\/www.racingpasion.com\/2007\/05\/15-la-sexta-retransmitira-la-formula-1-a-partir-de-2009\" target=\"_blank\">la segunda<\/a>, no porque me importe que TeleCinco deje de retransmitirla sino porque deje de hacerlo TV3, cuando ya hab\u00eda dicho que s\u00ed lo har\u00eda. Quiz\u00e1 por eso este fin de semana Ecclestone no les dej\u00f3 emitir ellos la carrera desde Montmel\u00f3 (y bien que se quejaron los comentaristas, injustificadamente dir\u00eda).<\/p>\n<p>Pero tambi\u00e9n me gustar\u00eda destacar que este pasado s\u00e1bado tuvo lugar Eurovisi\u00f3n. Me perd\u00ed el Festival por asistir, con otros 21 a un\u00a0<a href=\"http:\/\/www.youtube.com\/watch?v=ntRyz0IdeEI\" target=\"_blank\">Chuchicast<\/a>, as\u00ed que no puedo opinar sobre lo que interesa de este evento: la escenograf\u00eda.<\/p>\n<p><strong>Publicidad<\/strong><br \/>\nMientras no se decide si <a href=\"http:\/\/tvlia.com\/2007\/05\/09\/%c2%bfmucha-publicidad-pues-preparate\/\" target=\"_blank\">queremos<\/a> o <a href=\"http:\/\/tvlia.com\/2007\/04\/19\/hasta-los-anuncios-estan-hartos-de-tanto-anuncio\" target=\"_blank\">no queremos<\/a> m\u00e1s anuncios en televisi\u00f3n, continuan las campa\u00f1as que llaman nuestra atenci\u00f3n por encima de cualquier spot. Esta vez, el Departament de Treball\u00a0que con motivo del\u00a0Construmat <a href=\"http:\/\/www.elperiodico.com\/default.asp?idpublicacio_PK=46&#038;idioma=CAS&#038;idnoticia_PK=405553&#038;idseccio_PK=&#038;h=\" target=\"_blank\">ha empapelado<\/a> la estaci\u00f3n de Espa\u00f1a con una morgue. Esta vez, lo veo justificado.<\/p>\n<p>Segundo tema interesante: el concepto <a href=\"http:\/\/www.the-cocktail.com\/ingredientes\/crossumer-el-consumidor-de-nueva-generacin\" target=\"_blank\">crosssumer<\/a>, una &#8216;nueva generaci\u00f3n&#8217; de consumidores que sabe de publicidad sin saberlo, que comenta The Cocktail. En <a href=\"http:\/\/www.insightsblog.com\/insights\/post\/2007\/05\/14\/manifiesto-crossumer\" target=\"_blank\">Insights<\/a> puedes ver algunos datos, como que \u00abEl 56% dice estar de acuerdo con la afirmaci\u00f3n &#8216;Cuando veo publicidad, me gusta ir m\u00e1s de los evidente y trato de analizar lo que se pretende transmitir'\u00bb. \u00a1A ver si es verdad!<\/p>\n<p><strong>Cine<\/strong><br \/>\nEmpieza el Festival de Cannes y como de pel\u00edculas es f\u00e1cil que leas algo, \u00bfqu\u00e9 tal los datos que no se ven? Desde meneame llego a \u00ab<a href=\"http:\/\/es.noticias.yahoo.com\/afp\/20070514\/tod-cine-festival-7f81b96.html\" target=\"_blank\">Las otras cifras del Festival<\/a>\u00bb y recuerdo los cartelitos de muchos hoteles para no gastar en colada in\u00fatilmente. El glamour del cine no es ni econ\u00f3mico ni ecol\u00f3gico.<\/p>\n<p>Un segundo apunte de cine dedicado a junto \u00abLa soga\u00bb la pel\u00edcula de Hitchcock que m\u00e1s me gusta, \u00abV\u00e9rtigo\u00bb. Desde <a href=\"http:\/\/www.blogdecine.com\/2007\/05\/12-ver-en-san-francisco-las-localizaciones-actuales-de-vertigo\" target=\"_blank\">Blog de cine<\/a> llego a una <a href=\"http:\/\/www.basichip.com\/vertigo\/main.htm\" target=\"_blank\">comparaci\u00f3n de escenarios<\/a> de esta pel\u00edcula en el momento de filmaci\u00f3n y ahora.<\/p>\n<p><strong>Internet<\/strong><br \/>\nMis dos noticias de este tema son para Second Life. Por un lado el informe, \u00ab<a href=\"http:\/\/www.the-cocktail.com\/docs\/2007%20THECOCKTAIL%20SL_Contenido%20del%20estudio.pdf\">Conocimiento, valoraci\u00f3n y experiencia de los espa\u00f1oles en Second Life. Oportunidades para las marcas espa\u00f1olas<\/a>\u00bb tambi\u00e9n de The Cocktail, por otro las <a href=\"http:\/\/etc.territoriocreativo.es\/etc\/2007\/05\/todo_el_mundo_e.html\" target=\"_blank\">cinco leyes<\/a> para entrar en SL ya que dicen que en el 2011 el 80% de los internautas tendr\u00e1 un avatar all\u00ed. Espero ser del 20% restante.<\/p>\n<p>Y como son noticias breves, dos de regalo. El miting de de IU en SL convoc\u00f3 <a href=\"http:\/\/www.marketingdirecto.com\/noticias\/noticia.php?idnoticia=22902&#038;titular=MITIN%20DE%20IU%20EN%20SECOND%20LIFE\" target=\"_blank\">a menos de 90 avatares<\/a>\u00a0(y para que conste, hubo una <a href=\"http:\/\/www.palomasainz2007.com\/blog\/2007\/03\/28\/second-life\/\" target=\"_blank\">primera propuesta pol\u00edtica<\/a> en SL antes que la suya) y para acabar este largo post apuntar el trabajo de <a href=\"http:\/\/www.secondagency.com\/\" target=\"_blank\">SecondAgency<\/a>, la divisi\u00f3n de Ideup especializada en <a href=\"http:\/\/www.trabajarsinconexion.com\/archives\/2007\/04\/second_life_agencia.html\" target=\"_blank\">el desarrollo y la consultor\u00eda<\/a> en Second Life. Y <a href=\"http:\/\/www.trabajarsinconexion.com\/archives\/2007\/05\/repercusion_en_1.html\" target=\"_blank\">por lo visto<\/a>, les va bien.<\/p>\n","protected":false},"excerpt":{"rendered":"<p>Esta semana, las noticias van de dos en dos.\u00a0 Televisi\u00f3n Dos noticias destacan esta semana en nuestro televisor: TeleCinco compra Endemol y laSexta se hace con los derechos de la F\u00f3rmula 1. A\u00fan intento asimilar la segunda, no porque me importe que TeleCinco deje de retransmitirla sino porque deje de hacerlo TV3, cuando ya hab\u00eda [&hellip;]<\/p>\n","protected":false},"author":1,"featured_media":0,"comment_status":"closed","ping_status":"open","sticky":false,"template":"","format":"standard","meta":{"_monsterinsights_skip_tracking":false,"_monsterinsights_sitenote_active":false,"_monsterinsights_sitenote_note":"","_monsterinsights_sitenote_category":0,"site-sidebar-layout":"default","site-content-layout":"","ast-site-content-layout":"default","site-content-style":"default","site-sidebar-style":"default","ast-global-header-display":"","ast-banner-title-visibility":"","ast-main-header-display":"","ast-hfb-above-header-display":"","ast-hfb-below-header-display":"","ast-hfb-mobile-header-display":"","site-post-title":"","ast-breadcrumbs-content":"","ast-featured-img":"","footer-sml-layout":"","ast-disable-related-posts":"","theme-transparent-header-meta":"","adv-header-id-meta":"","stick-header-meta":"","header-above-stick-meta":"","header-main-stick-meta":"","header-below-stick-meta":"","astra-migrate-meta-layouts":"default","ast-page-background-enabled":"default","ast-page-background-meta":{"desktop":{"background-color":"var(--ast-global-color-5)","background-image":"","background-repeat":"repeat","background-position":"center center","background-size":"auto","background-attachment":"scroll","background-type":"","background-media":"","overlay-type":"","overlay-color":"","overlay-opacity":"","overlay-gradient":""},"tablet":{"background-color":"","background-image":"","background-repeat":"repeat","background-position":"center center","background-size":"auto","background-attachment":"scroll","background-type":"","background-media":"","overlay-type":"","overlay-color":"","overlay-opacity":"","overlay-gradient":""},"mobile":{"background-color":"","background-image":"","background-repeat":"repeat","background-position":"center center","background-size":"auto","background-attachment":"scroll","background-type":"","background-media":"","overlay-type":"","overlay-color":"","overlay-opacity":"","overlay-gradient":""}},"ast-content-background-meta":{"desktop":{"background-color":"var(--ast-global-color-4)","background-image":"","background-repeat":"repeat","background-position":"center center","background-size":"auto","background-attachment":"scroll","background-type":"","background-media":"","overlay-type":"","overlay-color":"","overlay-opacity":"","overlay-gradient":""},"tablet":{"background-color":"var(--ast-global-color-4)","background-image":"","background-repeat":"repeat","background-position":"center center","background-size":"auto","background-attachment":"scroll","background-type":"","background-media":"","overlay-type":"","overlay-color":"","overlay-opacity":"","overlay-gradient":""},"mobile":{"background-color":"var(--ast-global-color-4)","background-image":"","background-repeat":"repeat","background-position":"center center","background-size":"auto","background-attachment":"scroll","background-type":"","background-media":"","overlay-type":"","overlay-color":"","overlay-opacity":"","overlay-gradient":""}},"footnotes":""},"categories":[4,5,2,3],"tags":[125,41,43,128,192,46,193,48,51,94,69,75,54],"class_list":["post-147","post","type-post","status-publish","format-standard","hentry","category-cine","category-internet","category-publicidad","category-television","tag-blogs-beers","tag-campanas-polemicas","tag-campanas-publicas","tag-cine-clasico","tag-crossumer","tag-deporte","tag-eurovision","tag-formula-1","tag-lasexta","tag-politica","tag-premios-de-cine","tag-second-life","tag-telecinco"],"_links":{"self":[{"href":"https:\/\/www.evasanagustin.com\/workaholic\/wp-json\/wp\/v2\/posts\/147","targetHints":{"allow":["GET"]}}],"collection":[{"href":"https:\/\/www.evasanagustin.com\/workaholic\/wp-json\/wp\/v2\/posts"}],"about":[{"href":"https:\/\/www.evasanagustin.com\/workaholic\/wp-json\/wp\/v2\/types\/post"}],"author":[{"embeddable":true,"href":"https:\/\/www.evasanagustin.com\/workaholic\/wp-json\/wp\/v2\/users\/1"}],"replies":[{"embeddable":true,"href":"https:\/\/www.evasanagustin.com\/workaholic\/wp-json\/wp\/v2\/comments?post=147"}],"version-history":[{"count":0,"href":"https:\/\/www.evasanagustin.com\/workaholic\/wp-json\/wp\/v2\/posts\/147\/revisions"}],"wp:attachment":[{"href":"https:\/\/www.evasanagustin.com\/workaholic\/wp-json\/wp\/v2\/media?parent=147"}],"wp:term":[{"taxonomy":"category","embeddable":true,"href":"https:\/\/www.evasanagustin.com\/workaholic\/wp-json\/wp\/v2\/categories?post=147"},{"taxonomy":"post_tag","embeddable":true,"href":"https:\/\/www.evasanagustin.com\/workaholic\/wp-json\/wp\/v2\/tags?post=147"}],"curies":[{"name":"wp","href":"https:\/\/api.w.org\/{rel}","templated":true}]}}