{"id":13072,"date":"2019-07-29T08:08:25","date_gmt":"2019-07-29T06:08:25","guid":{"rendered":"https:\/\/www.evasanagustin.com\/workaholic\/?p=13072"},"modified":"2019-07-27T20:03:54","modified_gmt":"2019-07-27T18:03:54","slug":"contenidos-agosto-publicar-o-no-publicar-esa-es-la-cuestion","status":"publish","type":"post","link":"https:\/\/www.evasanagustin.com\/workaholic\/2019\/07\/29\/contenidos-agosto-publicar-o-no-publicar-esa-es-la-cuestion\/","title":{"rendered":"[Contenidos] Agosto: publicar o no publicar, \u00e9sa es la cuesti\u00f3n"},"content":{"rendered":"<p>Despu\u00e9s de 14 veranos, mi blog ha pasado por todo tipo de agostos: meses normales en los que he seguido el mismo ritmo de actualizaciones que el resto del a\u00f1o, meses en los que he publicado menos, incluso meses en los que he publicado m\u00e1s. Mi blog es profesional y sigue mi ritmo as\u00ed que es normal que haya un poco de todo.<\/p>\n<p>Decidir si publicar o no en agosto forma parte de <a href=\"https:\/\/amzn.to\/3143Mwl\">la estrategia de contenidos<\/a> y depende b\u00e1sicamente de <strong>la actividad de la empresa<\/strong>: si el negocio est\u00e1 en temporada alta, los contenidos tambi\u00e9n. Si no, pueden quedarse en pausa o en mantenimiento m\u00ednimo. Por ejemplo, en mi barrio empiezan ya a verse los carteles de \u00abcerrado por vacaciones\u00bb as\u00ed que ser\u00eda absurdo que esas tiendas siguiesen actualizando sus redes sociales si la tienda cierra.<\/p>\n<p>Pero, \u00bfqu\u00e9 pasa con los negocios que no tienen ventanilla que cerrar? Pienso en tiendas online, instituciones o empresas de servicios en los que los empleados se turnan para cubrirse. \u00bfMerece la pena seguir publicando en agosto? Yo dir\u00eda que s\u00ed, exactamente <strong>al mismo ritmo que est\u00e1 funcionando el resto de la empresa<\/strong>. Si hay una cuarta parte de la plantilla, pues un cuarto de publicaciones. Hay <a href=\"https:\/\/www.evasanagustin.com\/workaholic\/2016\/07\/25\/contenidos-3-formas-de-no-tener-que-actualizar-tu-blog-por-un-tiempo\/\">varias opciones para conseguirlo<\/a> y demostrar\u00eda que los contenidos no son unos accesorios sin importancia.<\/p>\n<p>Precisamente porque conviene pensar en el contenido <a href=\"https:\/\/www.evasanagustin.com\/workaholic\/2015\/06\/08\/internet-en-vacaciones-buscate-un-hobby\/\">antes de irse de vacaciones<\/a>, existe la posibilidad de que nadie se entere de que la empresa est\u00e1 a medio gas por vacaciones. <strong>Mezclando <a href=\"https:\/\/www.evasanagustin.com\/workaholic\/2018\/06\/25\/contenidos-como-poner-en-piloto-automatico-todos-tus-contenidos\/\">automatizaci\u00f3n<\/a> y <a href=\"https:\/\/twitter.com\/evasanagustin\/status\/1101917303040544769\">programaci\u00f3n<\/a><\/strong> se puede conseguir. Esta es la soluci\u00f3n a la que solemos recurrir los aut\u00f3nomos porque estamos acostumbrados a tener siempre un ojo mirando a nuestros proyectos, aunque <a href=\"https:\/\/twitter.com\/evasanagustin\/status\/1034711057879707648\">alguno se pierda por el camino<\/a>.<\/p>\n<p>La duda ser\u00eda si merece la pena o no publicar en agosto, es decir, si no va a haber nadie escuchando. Qu\u00e9 opinas: \u00bfdesconectamos menos en verano o nos enganchamos m\u00e1s? Cada sector funciona de forma diferente, pero <a href=\"https:\/\/www.marketingdecontenidos.es\/biblioteca\/buyer-persona-en-10-pasos\/\">la buyer persona<\/a> deber\u00eda tener la respuesta. Si no, <strong>recurrir a las estad\u00edsticas<\/strong> es lo mejor para saber si tus contenidos reciben la misma, menos o m\u00e1s atenci\u00f3n.<\/p>\n<p>Por ejemplo, te cuento un dato de mi web del a\u00f1o pasado: en agosto tuve casi un 2% m\u00e1s de visitas que en julio (lo cual hace suponer que mi audiencia no desconect\u00f3), pero en septiembre tuve un 5% menos de visitas (supongo que la vuelta al cole es peor de lo que parece). Entonces, \u00bfquiz\u00e1 deber\u00eda publicar m\u00e1s en agosto y menos en septiembre?<\/p>\n<p>Es posible, pero al fin y al cabo mi blog es tambi\u00e9n personal y puedo hacer lo que quiera con \u00e9l. As\u00ed que, como me estoy centrando en acabar mi nuevo libro (\u00a1<a href=\"https:\/\/twitter.com\/search?q=%23aporellibro15&amp;src=typd&amp;f=live\">el 15<\/a>!) y adem\u00e1s desconectar\u00e9 por vacaciones (s\u00ed, tambi\u00e9n las hago y <a href=\"https:\/\/twitter.com\/evasanagustin\/status\/1107212629553152000\">tan feliz<\/a>), desde hoy <strong>dejo el blog en pausa hasta septiembre<\/strong>. Pero no te abandono del todo: por un lado, modificar\u00e9 el contenido de <a href=\"http:\/\/www.marketingdecontenidos.es\/newsletter\/\">mi newsletter<\/a> para, en lugar de hacer una nueva <a href=\"https:\/\/www.marketingdecontenidos.es\/biblioteca\/coleccion\/10-pasos\/\">gu\u00eda en 10 pasos<\/a>, revisar las que ya tengo y que se hayan quedado algo desactualizadas. Y, por otro lado, seguir\u00e9 <a href=\"http:\/\/www.evasanagustin.com\/social\/\">en redes sociales<\/a> un poco como hasta ahora: publicando lo que pueda y me apetezca.<\/p>\n<p>As\u00ed que la cuesti\u00f3n del t\u00edtulo, de si <strong>publicar o no en agosto<\/strong>, tiene muchas respuestas posibles. Te he contado la m\u00eda, pero no significa que deba ser la tuya. Si tu carga de trabajo te lo permite, puedes seguir con el mismo ritmo que hasta ahora o relajarte y aprovechar para <a href=\"https:\/\/www.evasanagustin.com\/workaholic\/2018\/09\/03\/contenidos-haz-una-auditoria-para-valorar-la-calidad-de-tu-estrategia-de-contenidos\/\">revisar la calidad de tus contenidos<\/a>, actualizar <a href=\"https:\/\/amzn.to\/30ZWvNX\">tu plan de contenidos<\/a> o incluso cambiar el dise\u00f1o de tu web, es decir, cualquier otra tarea para la que \u00abno ten\u00edas tiempo\u00bb.<\/p>\n<p>Es <a href=\"https:\/\/www.evasanagustin.com\/workaholic\/2018\/07\/23\/contenidos-tu-estrategia-de-marketing-o-de-contenidos-es-tu-decision\/\">tu decisi\u00f3n<\/a>.<\/p>\n","protected":false},"excerpt":{"rendered":"<p>Despu\u00e9s de 14 veranos, mi blog ha pasado por todo tipo de agostos: meses normales en los que he seguido el mismo ritmo de actualizaciones que el resto del a\u00f1o, meses en los que he publicado menos, incluso meses en los que he publicado m\u00e1s. Mi blog es profesional y sigue mi ritmo as\u00ed que [&hellip;]<\/p>\n","protected":false},"author":1,"featured_media":0,"comment_status":"open","ping_status":"open","sticky":false,"template":"","format":"standard","meta":{"_monsterinsights_skip_tracking":false,"_monsterinsights_sitenote_active":false,"_monsterinsights_sitenote_note":"","_monsterinsights_sitenote_category":0,"site-sidebar-layout":"default","site-content-layout":"","ast-site-content-layout":"default","site-content-style":"default","site-sidebar-style":"default","ast-global-header-display":"","ast-banner-title-visibility":"","ast-main-header-display":"","ast-hfb-above-header-display":"","ast-hfb-below-header-display":"","ast-hfb-mobile-header-display":"","site-post-title":"","ast-breadcrumbs-content":"","ast-featured-img":"","footer-sml-layout":"","ast-disable-related-posts":"","theme-transparent-header-meta":"","adv-header-id-meta":"","stick-header-meta":"","header-above-stick-meta":"","header-main-stick-meta":"","header-below-stick-meta":"","astra-migrate-meta-layouts":"default","ast-page-background-enabled":"default","ast-page-background-meta":{"desktop":{"background-color":"var(--ast-global-color-5)","background-image":"","background-repeat":"repeat","background-position":"center center","background-size":"auto","background-attachment":"scroll","background-type":"","background-media":"","overlay-type":"","overlay-color":"","overlay-opacity":"","overlay-gradient":""},"tablet":{"background-color":"","background-image":"","background-repeat":"repeat","background-position":"center center","background-size":"auto","background-attachment":"scroll","background-type":"","background-media":"","overlay-type":"","overlay-color":"","overlay-opacity":"","overlay-gradient":""},"mobile":{"background-color":"","background-image":"","background-repeat":"repeat","background-position":"center center","background-size":"auto","background-attachment":"scroll","background-type":"","background-media":"","overlay-type":"","overlay-color":"","overlay-opacity":"","overlay-gradient":""}},"ast-content-background-meta":{"desktop":{"background-color":"var(--ast-global-color-4)","background-image":"","background-repeat":"repeat","background-position":"center center","background-size":"auto","background-attachment":"scroll","background-type":"","background-media":"","overlay-type":"","overlay-color":"","overlay-opacity":"","overlay-gradient":""},"tablet":{"background-color":"var(--ast-global-color-4)","background-image":"","background-repeat":"repeat","background-position":"center center","background-size":"auto","background-attachment":"scroll","background-type":"","background-media":"","overlay-type":"","overlay-color":"","overlay-opacity":"","overlay-gradient":""},"mobile":{"background-color":"var(--ast-global-color-4)","background-image":"","background-repeat":"repeat","background-position":"center center","background-size":"auto","background-attachment":"scroll","background-type":"","background-media":"","overlay-type":"","overlay-color":"","overlay-opacity":"","overlay-gradient":""}},"footnotes":""},"categories":[7,465],"tags":[453],"class_list":["post-13072","post","type-post","status-publish","format-standard","hentry","category-dm","category-estrategia-de-contenidos","tag-calendario-editorial"],"_links":{"self":[{"href":"https:\/\/www.evasanagustin.com\/workaholic\/wp-json\/wp\/v2\/posts\/13072","targetHints":{"allow":["GET"]}}],"collection":[{"href":"https:\/\/www.evasanagustin.com\/workaholic\/wp-json\/wp\/v2\/posts"}],"about":[{"href":"https:\/\/www.evasanagustin.com\/workaholic\/wp-json\/wp\/v2\/types\/post"}],"author":[{"embeddable":true,"href":"https:\/\/www.evasanagustin.com\/workaholic\/wp-json\/wp\/v2\/users\/1"}],"replies":[{"embeddable":true,"href":"https:\/\/www.evasanagustin.com\/workaholic\/wp-json\/wp\/v2\/comments?post=13072"}],"version-history":[{"count":5,"href":"https:\/\/www.evasanagustin.com\/workaholic\/wp-json\/wp\/v2\/posts\/13072\/revisions"}],"predecessor-version":[{"id":13080,"href":"https:\/\/www.evasanagustin.com\/workaholic\/wp-json\/wp\/v2\/posts\/13072\/revisions\/13080"}],"wp:attachment":[{"href":"https:\/\/www.evasanagustin.com\/workaholic\/wp-json\/wp\/v2\/media?parent=13072"}],"wp:term":[{"taxonomy":"category","embeddable":true,"href":"https:\/\/www.evasanagustin.com\/workaholic\/wp-json\/wp\/v2\/categories?post=13072"},{"taxonomy":"post_tag","embeddable":true,"href":"https:\/\/www.evasanagustin.com\/workaholic\/wp-json\/wp\/v2\/tags?post=13072"}],"curies":[{"name":"wp","href":"https:\/\/api.w.org\/{rel}","templated":true}]}}