{"id":11873,"date":"2019-01-09T21:18:11","date_gmt":"2019-01-09T20:18:11","guid":{"rendered":"http:\/\/www.evasanagustin.com\/workaholic\/?p=11873"},"modified":"2019-01-09T21:26:02","modified_gmt":"2019-01-09T20:26:02","slug":"media-news-s02-a19","status":"publish","type":"post","link":"https:\/\/www.evasanagustin.com\/workaholic\/2019\/01\/09\/media-news-s02-a19\/","title":{"rendered":"Media News S02 A19"},"content":{"rendered":"<p><strong>Televisi\u00f3n<\/strong><br \/>\nLa noticia no parece que haya causado mucho revuelo entre la audiencia, as\u00ed que quiz\u00e1 nos merecemos una cadena generalista sin informativos. Es lo que acabar\u00e1 pasando <a href=\"http:\/\/vertele.eldiario.es\/noticias\/noticias-cuatro-analisis-cancelacion-supresion-informativos-trayectoria-mediaset-lasexta_0_2083891606.html\">seg\u00fan parece<\/a> el mes que viene, cuando Mediaset elimine las noticias de Cuatro. Precisamente ayer en \u00abLateMotiv\u00bb, Rosa Mar\u00eda Calaf habl\u00f3 sobre el tema. Fue una entrevista de esas que <a href=\"https:\/\/twitter.com\/evasanagustin\/status\/1082772015063461889\">se disfrutan<\/a> as\u00ed que coincido con Andreu en que deber\u00eda volver a seguir hablando de periodismo, aunque sea delante de un humorista aprovechando que \u00e9ste sabe dejar hablar cuando toca. Si se quita la informaci\u00f3n de un canal, solo queda el entretenimiento as\u00ed que perder\u00e1 un poco de su status y quiz\u00e1 tendremos que considerarla como otro canal tem\u00e1tico dentro de la TDT.<\/p>\n<p><strong>Cine<\/strong><br \/>\nEste fin de semana fueron los Globos de Oro, pero no voy a comentar qui\u00e9n ha ganado qu\u00e9&#8230; ya hay mucha literatura sobre el tema. La gala no pasar\u00e1 a la historia de estos premios, no se puede decir que haya sido interesante. Quiz\u00e1 por eso me ha gustado m\u00e1s lo que he visto en la alfombra roja. Las entrevistas son demasiado t\u00edpicas como para que tengan gancho as\u00ed que me he dedicado a mirar detr\u00e1s de sus sets o, mejor a\u00fan, a la izquierda cuando part\u00edan la pantalla para mostrar c\u00f3mo los actores se iban moviendo por el backstage. Me he divertido de lo lindo viendo c\u00f3mo ten\u00edan que hacer cola para posar, c\u00f3mo se relacionaban entre ellos en esa cola, qui\u00e9n hablaba con qui\u00e9n y ese tipo de cosas. S\u00ed, lo confieso: cotilleo puro y duro.<\/p>\n<p><strong>Publicidad<\/strong><br \/>\nSigo con el tema porque hay <a href=\"https:\/\/www.youtube.com\/watch?v=oGrSw7wK4no\">un anuncio<\/a> que lleva varios d\u00edas rondando por las redes y resulta que <a href=\"https:\/\/www.espinof.com\/otros\/mejor-globos-oro-2019-fue-este-alucinante-homenaje-a-coches-cine-television\">era para los Globos<\/a>. As\u00ed se entiende mucho mejor que Walmart haya puesto tantos coches de series y pel\u00edculas en un spot. Me resulta curioso haberlo visto en LinkedIn y Twitter, compartido por varias personas encantadas con el componente nost\u00e1lgico que tiene y que nadie le pusiese el contexto de la gala de premios. No ocurre as\u00ed con las campa\u00f1as para la Super Bowl porque \u00abla noticia\u00bb es precisamente anunciarse en el corte publicitario. Por cierto, es el mes que viene as\u00ed que vete preparando para la lluvia de spots que empezar\u00e1 a caer en breve.<\/p>\n<p><strong>Internet<\/strong><br \/>\nCierro el post mezclando publicidad y privacidad online inspirada por <a href=\"https:\/\/www.youtube.com\/watch?v=vCsWWW5GRL0\">el spot de El Corte Ingl\u00e9s para las Rebajas de este a\u00f1o<\/a>. Fue verlo y no dejar de sonre\u00edr durante un buen rato. Para una vez que <a href=\"http:\/\/www.anuncios.com\/campana-creatividad\/mas-anuncios\/1119533008001\/no-espias-rebajas-de-corte-ingles.1.html\">soy el target<\/a>, d\u00e9jame disfrutarlo. Pero, en realidad, seguramente t\u00fa tambi\u00e9n lo eres o es que no te has preguntando nunca si \u00ablo saben o no lo saben\u00bb todo sobre ti porque \u00abnos escuchan\u00bb, como dicen en el anuncio. \u00bfEs posible luchar contra ello? Yo a estas alturas dir\u00eda que no, que ya es tarde. Podemos ir retirando permisos y tratando de controlar un poco lo que compartimos, pero el mal ya est\u00e1 hecho. Por eso me hace gracia lo de hablar al robot aspirador o al ascensor, porque hoy en d\u00eda parece demasiado pero quiz\u00e1 a la larga sea igual de \u00abpeligroso\u00bb que con el m\u00f3vil.<\/p>\n","protected":false},"excerpt":{"rendered":"<p>Televisi\u00f3n La noticia no parece que haya causado mucho revuelo entre la audiencia, as\u00ed que quiz\u00e1 nos merecemos una cadena generalista sin informativos. Es lo que acabar\u00e1 pasando seg\u00fan parece el mes que viene, cuando Mediaset elimine las noticias de Cuatro. Precisamente ayer en \u00abLateMotiv\u00bb, Rosa Mar\u00eda Calaf habl\u00f3 sobre el tema. Fue una entrevista [&hellip;]<\/p>\n","protected":false},"author":1,"featured_media":0,"comment_status":"open","ping_status":"open","sticky":false,"template":"","format":"standard","meta":{"_monsterinsights_skip_tracking":false,"_monsterinsights_sitenote_active":false,"_monsterinsights_sitenote_note":"","_monsterinsights_sitenote_category":0,"site-sidebar-layout":"default","site-content-layout":"","ast-site-content-layout":"default","site-content-style":"default","site-sidebar-style":"default","ast-global-header-display":"","ast-banner-title-visibility":"","ast-main-header-display":"","ast-hfb-above-header-display":"","ast-hfb-below-header-display":"","ast-hfb-mobile-header-display":"","site-post-title":"","ast-breadcrumbs-content":"","ast-featured-img":"","footer-sml-layout":"","ast-disable-related-posts":"","theme-transparent-header-meta":"","adv-header-id-meta":"","stick-header-meta":"","header-above-stick-meta":"","header-main-stick-meta":"","header-below-stick-meta":"","astra-migrate-meta-layouts":"default","ast-page-background-enabled":"default","ast-page-background-meta":{"desktop":{"background-color":"var(--ast-global-color-5)","background-image":"","background-repeat":"repeat","background-position":"center center","background-size":"auto","background-attachment":"scroll","background-type":"","background-media":"","overlay-type":"","overlay-color":"","overlay-opacity":"","overlay-gradient":""},"tablet":{"background-color":"","background-image":"","background-repeat":"repeat","background-position":"center center","background-size":"auto","background-attachment":"scroll","background-type":"","background-media":"","overlay-type":"","overlay-color":"","overlay-opacity":"","overlay-gradient":""},"mobile":{"background-color":"","background-image":"","background-repeat":"repeat","background-position":"center center","background-size":"auto","background-attachment":"scroll","background-type":"","background-media":"","overlay-type":"","overlay-color":"","overlay-opacity":"","overlay-gradient":""}},"ast-content-background-meta":{"desktop":{"background-color":"var(--ast-global-color-4)","background-image":"","background-repeat":"repeat","background-position":"center center","background-size":"auto","background-attachment":"scroll","background-type":"","background-media":"","overlay-type":"","overlay-color":"","overlay-opacity":"","overlay-gradient":""},"tablet":{"background-color":"var(--ast-global-color-4)","background-image":"","background-repeat":"repeat","background-position":"center center","background-size":"auto","background-attachment":"scroll","background-type":"","background-media":"","overlay-type":"","overlay-color":"","overlay-opacity":"","overlay-gradient":""},"mobile":{"background-color":"var(--ast-global-color-4)","background-image":"","background-repeat":"repeat","background-position":"center center","background-size":"auto","background-attachment":"scroll","background-type":"","background-media":"","overlay-type":"","overlay-color":"","overlay-opacity":"","overlay-gradient":""}},"footnotes":""},"categories":[4,5,2,3],"tags":[73,96,230,69],"class_list":["post-11873","post","type-post","status-publish","format-standard","hentry","category-cine","category-internet","category-publicidad","category-television","tag-cuatro","tag-el-corte-ingles","tag-pasado-vs-futuro","tag-premios-de-cine"],"_links":{"self":[{"href":"https:\/\/www.evasanagustin.com\/workaholic\/wp-json\/wp\/v2\/posts\/11873","targetHints":{"allow":["GET"]}}],"collection":[{"href":"https:\/\/www.evasanagustin.com\/workaholic\/wp-json\/wp\/v2\/posts"}],"about":[{"href":"https:\/\/www.evasanagustin.com\/workaholic\/wp-json\/wp\/v2\/types\/post"}],"author":[{"embeddable":true,"href":"https:\/\/www.evasanagustin.com\/workaholic\/wp-json\/wp\/v2\/users\/1"}],"replies":[{"embeddable":true,"href":"https:\/\/www.evasanagustin.com\/workaholic\/wp-json\/wp\/v2\/comments?post=11873"}],"version-history":[{"count":3,"href":"https:\/\/www.evasanagustin.com\/workaholic\/wp-json\/wp\/v2\/posts\/11873\/revisions"}],"predecessor-version":[{"id":11882,"href":"https:\/\/www.evasanagustin.com\/workaholic\/wp-json\/wp\/v2\/posts\/11873\/revisions\/11882"}],"wp:attachment":[{"href":"https:\/\/www.evasanagustin.com\/workaholic\/wp-json\/wp\/v2\/media?parent=11873"}],"wp:term":[{"taxonomy":"category","embeddable":true,"href":"https:\/\/www.evasanagustin.com\/workaholic\/wp-json\/wp\/v2\/categories?post=11873"},{"taxonomy":"post_tag","embeddable":true,"href":"https:\/\/www.evasanagustin.com\/workaholic\/wp-json\/wp\/v2\/tags?post=11873"}],"curies":[{"name":"wp","href":"https:\/\/api.w.org\/{rel}","templated":true}]}}