{"id":11365,"date":"2018-09-19T08:08:10","date_gmt":"2018-09-19T06:08:10","guid":{"rendered":"http:\/\/www.evasanagustin.com\/workaholic\/?p=11365"},"modified":"2018-09-13T10:00:26","modified_gmt":"2018-09-13T08:00:26","slug":"media-news-s38-a18","status":"publish","type":"post","link":"https:\/\/www.evasanagustin.com\/workaholic\/2018\/09\/19\/media-news-s38-a18\/","title":{"rendered":"Media News S38 A18"},"content":{"rendered":"<p><strong>Televisi\u00f3n<\/strong><br \/>\nHaciendo zapping estos d\u00edas me he acordado de un art\u00edculo que ten\u00eda un t\u00edtulo bien realista: \u00ab<a href=\"https:\/\/www.elespanol.com\/bluper\/noticias\/por-que-el-dia-de-manana-no-tendremos-un-buen-viaje-al-centro-de-la-tele\">Por qu\u00e9 el d\u00eda de ma\u00f1ana no tendremos un buen \u2018Viaje al centro de la tele\u2019<\/a>\u00ab. Coincido porque si alguna vez has visto el \u00ab<a href=\"http:\/\/www.ccma.cat\/tv3\/apm\/\">APM?<\/a>\u00bb ya te puedes imaginar d\u00f3nde podr\u00edan ir los tiros del futuro de nuestra tele. S\u00ed, es divertido ver la fauna televisiva pero \u00bfes un buen viaje? Pues no. Quedan pocos lugares donde se puedan ver actuaciones o entrevistas dignas de menci\u00f3n. En cambio, la historia de TVE est\u00e1 llena de momentos estelares. Quiz\u00e1 porque antes se hac\u00eda otra tele o porque no hab\u00eda otro lugar al que ir. Ahora hay muchos canales, pero no s\u00e9 si aguantar\u00e1n en el futuro.<\/p>\n<p><strong>Cine<\/strong><br \/>\nSi <a href=\"http:\/\/www.evasanagustin.com\/workaholic\/2018\/06\/13\/media-news-s24-a18\/\">hace un par de meses<\/a> compar\u00e9 un par de p\u00f3sters cuyo tema era demasiado parecido, el p\u00e1rrafo de cine de hoy est\u00e1 dedicado a <a href=\"https:\/\/twentytwowords.com\/these-over-used-movie-poster-cliches-reveal-a-lot-more-about-the-film-than-you-realize\/\">una comparativa similar<\/a> pero a una escala mucho mayor. Tan grande que se hace evidente la facilidad con la que se recurren a los t\u00f3picos para identificar el g\u00e9nero de la peli. Que si caras grandes, piernas, colores&#8230; Quedan pocos <a href=\"http:\/\/www.evasanagustin.com\/workaholic\/2018\/07\/25\/media-news-s30-a18\/\">artistas como Mac<\/a>, si es que a\u00fan los hay. Se confirma tambi\u00e9n que muchas tramas se parecen. Me imagino al guionista vendiendo la idea a los estudios (\u00bftodav\u00eda se hace eso?) aprovechando un p\u00f3ster \u00abantiguo\u00bb con caras de los actores para los que ha escrito el papel. Un trabajo menos para los creativos del material promocional, \u00bfno?<\/p>\n<p><strong>Internet<\/strong><br \/>\nPuedo entender los tuits patrocinados con fecha de hace unos d\u00edas, pero no acabo de ver la l\u00f3gica a uno que me sigo encontrando y que es de junio. Pero, aunque la fecha cuadrase, hay algo peor: tiene un mont\u00f3n de comentarios negativos, gente quej\u00e1ndose de que lo que anuncian es un timo. S\u00ed, tiene miles de RT y Me gusta que aumentan el alcance, pero \u00bfeso es positivo considerando las cr\u00edticas que lo acompa\u00f1an? Hay <a href=\"https:\/\/twitter.com\/blogocorp\/status\/1029454437285281792\">quien cree que s\u00ed<\/a>. Lo dec\u00eda <a href=\"http:\/\/www.evasanagustin.com\/workaholic\/2018\/09\/05\/media-news-s36-a18\/\">hace un par de semanas<\/a>: antes era suficiente con poner un anuncio, ahora hay que prestarse a la respuesta p\u00fablica de los usuarios que no se quedar\u00e1n tan callados como hace unas d\u00e9cadas.<\/p>\n<p><strong>Publicidad<\/strong><br \/>\nSe habla de creativos publicitarios y de artistas creativos. Ambos pueden tener buenas ideas por separado, pero tambi\u00e9n podr\u00edan juntarse. Las posibilidades m\u00e1s evidentes son acciones de guerrilla, aprovechando el arte callejero. Un ejemplo podr\u00eda ser <a href=\"https:\/\/www.facebook.com\/boredpanda\/videos\/1899415520354398\/\">el reloj del aeropuerto de \u00c1msterdam<\/a> creado hace unos a\u00f1os por un artista y que hace poco recordaban en Bored Panda. Imagina que lo hace una marca de relojes (interesante saber cu\u00e1l has pensado), \u00bfte parecer\u00eda m\u00e1s o menos creativo? Como m\u00ednimo, la imagen de la marca cambiaba para ti, eso seguro. Pero, \u00bfes diferente tu percepci\u00f3n si lo lees en un medio o si vives esa experiencia?<\/p>\n","protected":false},"excerpt":{"rendered":"<p>Televisi\u00f3n Haciendo zapping estos d\u00edas me he acordado de un art\u00edculo que ten\u00eda un t\u00edtulo bien realista: \u00abPor qu\u00e9 el d\u00eda de ma\u00f1ana no tendremos un buen \u2018Viaje al centro de la tele\u2019\u00ab. Coincido porque si alguna vez has visto el \u00abAPM?\u00bb ya te puedes imaginar d\u00f3nde podr\u00edan ir los tiros del futuro de nuestra [&hellip;]<\/p>\n","protected":false},"author":1,"featured_media":0,"comment_status":"open","ping_status":"open","sticky":false,"template":"","format":"standard","meta":{"_monsterinsights_skip_tracking":false,"_monsterinsights_sitenote_active":false,"_monsterinsights_sitenote_note":"","_monsterinsights_sitenote_category":0,"site-sidebar-layout":"default","site-content-layout":"","ast-site-content-layout":"default","site-content-style":"default","site-sidebar-style":"default","ast-global-header-display":"","ast-banner-title-visibility":"","ast-main-header-display":"","ast-hfb-above-header-display":"","ast-hfb-below-header-display":"","ast-hfb-mobile-header-display":"","site-post-title":"","ast-breadcrumbs-content":"","ast-featured-img":"","footer-sml-layout":"","ast-disable-related-posts":"","theme-transparent-header-meta":"","adv-header-id-meta":"","stick-header-meta":"","header-above-stick-meta":"","header-main-stick-meta":"","header-below-stick-meta":"","astra-migrate-meta-layouts":"default","ast-page-background-enabled":"default","ast-page-background-meta":{"desktop":{"background-color":"var(--ast-global-color-5)","background-image":"","background-repeat":"repeat","background-position":"center center","background-size":"auto","background-attachment":"scroll","background-type":"","background-media":"","overlay-type":"","overlay-color":"","overlay-opacity":"","overlay-gradient":""},"tablet":{"background-color":"","background-image":"","background-repeat":"repeat","background-position":"center center","background-size":"auto","background-attachment":"scroll","background-type":"","background-media":"","overlay-type":"","overlay-color":"","overlay-opacity":"","overlay-gradient":""},"mobile":{"background-color":"","background-image":"","background-repeat":"repeat","background-position":"center center","background-size":"auto","background-attachment":"scroll","background-type":"","background-media":"","overlay-type":"","overlay-color":"","overlay-opacity":"","overlay-gradient":""}},"ast-content-background-meta":{"desktop":{"background-color":"var(--ast-global-color-4)","background-image":"","background-repeat":"repeat","background-position":"center center","background-size":"auto","background-attachment":"scroll","background-type":"","background-media":"","overlay-type":"","overlay-color":"","overlay-opacity":"","overlay-gradient":""},"tablet":{"background-color":"var(--ast-global-color-4)","background-image":"","background-repeat":"repeat","background-position":"center center","background-size":"auto","background-attachment":"scroll","background-type":"","background-media":"","overlay-type":"","overlay-color":"","overlay-opacity":"","overlay-gradient":""},"mobile":{"background-color":"var(--ast-global-color-4)","background-image":"","background-repeat":"repeat","background-position":"center center","background-size":"auto","background-attachment":"scroll","background-type":"","background-media":"","overlay-type":"","overlay-color":"","overlay-opacity":"","overlay-gradient":""}},"footnotes":""},"categories":[4,5,2,3],"tags":[108,35],"class_list":["post-11365","post","type-post","status-publish","format-standard","hentry","category-cine","category-internet","category-publicidad","category-television","tag-creatividad-en-publicidad","tag-historia-de-la-television"],"_links":{"self":[{"href":"https:\/\/www.evasanagustin.com\/workaholic\/wp-json\/wp\/v2\/posts\/11365","targetHints":{"allow":["GET"]}}],"collection":[{"href":"https:\/\/www.evasanagustin.com\/workaholic\/wp-json\/wp\/v2\/posts"}],"about":[{"href":"https:\/\/www.evasanagustin.com\/workaholic\/wp-json\/wp\/v2\/types\/post"}],"author":[{"embeddable":true,"href":"https:\/\/www.evasanagustin.com\/workaholic\/wp-json\/wp\/v2\/users\/1"}],"replies":[{"embeddable":true,"href":"https:\/\/www.evasanagustin.com\/workaholic\/wp-json\/wp\/v2\/comments?post=11365"}],"version-history":[{"count":4,"href":"https:\/\/www.evasanagustin.com\/workaholic\/wp-json\/wp\/v2\/posts\/11365\/revisions"}],"predecessor-version":[{"id":11378,"href":"https:\/\/www.evasanagustin.com\/workaholic\/wp-json\/wp\/v2\/posts\/11365\/revisions\/11378"}],"wp:attachment":[{"href":"https:\/\/www.evasanagustin.com\/workaholic\/wp-json\/wp\/v2\/media?parent=11365"}],"wp:term":[{"taxonomy":"category","embeddable":true,"href":"https:\/\/www.evasanagustin.com\/workaholic\/wp-json\/wp\/v2\/categories?post=11365"},{"taxonomy":"post_tag","embeddable":true,"href":"https:\/\/www.evasanagustin.com\/workaholic\/wp-json\/wp\/v2\/tags?post=11365"}],"curies":[{"name":"wp","href":"https:\/\/api.w.org\/{rel}","templated":true}]}}