{"id":11287,"date":"2018-08-15T12:48:44","date_gmt":"2018-08-15T10:48:44","guid":{"rendered":"http:\/\/www.evasanagustin.com\/workaholic\/?p=11287"},"modified":"2018-08-15T12:59:57","modified_gmt":"2018-08-15T10:59:57","slug":"media-news-s33-a18","status":"publish","type":"post","link":"https:\/\/www.evasanagustin.com\/workaholic\/2018\/08\/15\/media-news-s33-a18\/","title":{"rendered":"Media News S33 A18"},"content":{"rendered":"<p><strong>Cine<\/strong><br \/>\nLos cambios siempre son discutibles pero parece que lo de a\u00f1adir una nueva categor\u00eda a los Oscars no ha gustado a nadie. \u00a1Pol\u00e9mica asegurada! Mucha tinta escrita sobre el tema de que se pueda votar por la mejor \u00abpel\u00edcula popular\u00bb. Hay tantas posibilidades <a href=\"https:\/\/www.bbc.com\/mundo\/noticias-45122381\">detr\u00e1s del anuncio<\/a> que l\u00f3gicamente hay opiniones para todos los gustos, incluso <a href=\"https:\/\/www.fotogramas.es\/noticias-cine\/g22685010\/oscars-premios-nuevas-categorias\/\">sugerencias de nuevas categor\u00edas<\/a>. El premio del p\u00fablico es habitual en festivales y efectivamente no siempre coincide con el de la cr\u00edtica, ni mucho menos acad\u00e9micos. Pero ah\u00ed est\u00e1 su gracia. Cuando expliquen mejor c\u00f3mo ser\u00e1, veremos si tiene sentido o se deval\u00faan los premios como <a href=\"https:\/\/www.20minutos.es\/noticia\/3417107\/0\/razzies-critican-nueva-decision-oscars-vosotros-devaluais-nosotros-tambien\/\">opinan los Razzies<\/a>.<\/p>\n<p><strong>Publicidad<\/strong><br \/>\nLlego por un RT de <a href=\"https:\/\/twitter.com\/comicpublicidad\">ComicPublicidad<\/a> a un hilo muy nost\u00e1lgico en Twitter sobre anuncios de principios de siglo. Era una \u00e9poca en la que los m\u00f3viles ya eran m\u00f3viles y no zapat\u00f3fonos. Y la publi, con un habitual reflejo de la sociedad, nos educaba en su uso. As\u00ed que <a href=\"https:\/\/twitter.com\/gamusino\/status\/1027656597198327817\">Alcatel<\/a> nos avisaba de todo lo que pod\u00eda hacerse con el m\u00f3vil y a la vez a elegir el momento para hacerlo. 18 a\u00f1os despu\u00e9s, me gustar\u00eda decir que lo hemos superado. Pero a\u00fan veo a parejas y grupos de personas en las que el m\u00f3vil es protagonista de la reuni\u00f3n. No todos, menos mal: \u00bfquiz\u00e1 los de la generaci\u00f3n que vimos aquel anuncio somos m\u00e1s conscientes de esa adicci\u00f3n y la rechazamos?<\/p>\n<p><strong>Televisi\u00f3n<\/strong><br \/>\nRetrocedo unos a\u00f1os m\u00e1s, hasta <a href=\"https:\/\/www.formulatv.com\/noticias\/82883\/asi-eran-veranos-televisivos-90\/\">los 90 y sus veranos televisivos<\/a>. Los recuerdan en F\u00f3rmula TV y me traen una sonrisa. Gracias a esas galas veraniegas el archivo de TVE se ha ido llenando as\u00ed que a lo largo de estos a\u00f1os hemos podido ir recuperando algunos cachitos de actuaciones estelares. Lo que no vuelve son las series con el verano como protagonista. De esas ya no se hacen&#8230; lo m\u00e1s cercano es \u00abCrimen en el para\u00edso\u00bb y, claro, la peli que hicieron de \u00abLos vigilantes de la playa\u00bb. \u00bfEs no se pueden resolver cr\u00edmenes en traje de ba\u00f1o como hac\u00edan en esas series? \u00bfO es culpa del cambio clim\u00e1tico que no puedan grabar tantas horas en un lugar (antes) paradis\u00edaco?<\/p>\n<p><strong>Internet<\/strong><br \/>\nDicen que el d\u00eda de tu cumplea\u00f1os Google te planta un doodle solamente a ti para felicitarte. Tambi\u00e9n dicen que Facebook te anima a que organices una recolecta para apoyar una causa aprovechando esa fecha especial. En LinkedIn a nadie parece preocuparle el d\u00eda que cumples a\u00f1os. Y es evidente que en Twitter puedes ver la fecha de nacimiento de quien la haya hecho p\u00fablica en su perfil. \u00bfHace falta comparar? Hay muchos gr\u00e1ficos que buscan diferenciar las redes sociales con perfiles estad\u00edsticos, formatos de contenidos y <a href=\"https:\/\/twitter.com\/Carola164\/status\/1029294838129348608\">otros indicativos<\/a>. Pero eso es lo que pasa el d\u00eda a d\u00eda&#8230; una vez al a\u00f1o ser\u00e1n superfluos si tenemos en cuenta qu\u00e9 hacen con nuestros datos personales.<\/p>\n","protected":false},"excerpt":{"rendered":"<p>Cine Los cambios siempre son discutibles pero parece que lo de a\u00f1adir una nueva categor\u00eda a los Oscars no ha gustado a nadie. \u00a1Pol\u00e9mica asegurada! Mucha tinta escrita sobre el tema de que se pueda votar por la mejor \u00abpel\u00edcula popular\u00bb. Hay tantas posibilidades detr\u00e1s del anuncio que l\u00f3gicamente hay opiniones para todos los gustos, [&hellip;]<\/p>\n","protected":false},"author":1,"featured_media":0,"comment_status":"open","ping_status":"open","sticky":false,"template":"","format":"standard","meta":{"_monsterinsights_skip_tracking":false,"_monsterinsights_sitenote_active":false,"_monsterinsights_sitenote_note":"","_monsterinsights_sitenote_category":0,"site-sidebar-layout":"default","site-content-layout":"","ast-site-content-layout":"default","site-content-style":"default","site-sidebar-style":"default","ast-global-header-display":"","ast-banner-title-visibility":"","ast-main-header-display":"","ast-hfb-above-header-display":"","ast-hfb-below-header-display":"","ast-hfb-mobile-header-display":"","site-post-title":"","ast-breadcrumbs-content":"","ast-featured-img":"","footer-sml-layout":"","ast-disable-related-posts":"","theme-transparent-header-meta":"","adv-header-id-meta":"","stick-header-meta":"","header-above-stick-meta":"","header-main-stick-meta":"","header-below-stick-meta":"","astra-migrate-meta-layouts":"default","ast-page-background-enabled":"default","ast-page-background-meta":{"desktop":{"background-color":"var(--ast-global-color-5)","background-image":"","background-repeat":"repeat","background-position":"center center","background-size":"auto","background-attachment":"scroll","background-type":"","background-media":"","overlay-type":"","overlay-color":"","overlay-opacity":"","overlay-gradient":""},"tablet":{"background-color":"","background-image":"","background-repeat":"repeat","background-position":"center center","background-size":"auto","background-attachment":"scroll","background-type":"","background-media":"","overlay-type":"","overlay-color":"","overlay-opacity":"","overlay-gradient":""},"mobile":{"background-color":"","background-image":"","background-repeat":"repeat","background-position":"center center","background-size":"auto","background-attachment":"scroll","background-type":"","background-media":"","overlay-type":"","overlay-color":"","overlay-opacity":"","overlay-gradient":""}},"ast-content-background-meta":{"desktop":{"background-color":"var(--ast-global-color-4)","background-image":"","background-repeat":"repeat","background-position":"center center","background-size":"auto","background-attachment":"scroll","background-type":"","background-media":"","overlay-type":"","overlay-color":"","overlay-opacity":"","overlay-gradient":""},"tablet":{"background-color":"var(--ast-global-color-4)","background-image":"","background-repeat":"repeat","background-position":"center center","background-size":"auto","background-attachment":"scroll","background-type":"","background-media":"","overlay-type":"","overlay-color":"","overlay-opacity":"","overlay-gradient":""},"mobile":{"background-color":"var(--ast-global-color-4)","background-image":"","background-repeat":"repeat","background-position":"center center","background-size":"auto","background-attachment":"scroll","background-type":"","background-media":"","overlay-type":"","overlay-color":"","overlay-opacity":"","overlay-gradient":""}},"footnotes":""},"categories":[4,5,2,3],"tags":[67,181],"class_list":["post-11287","post","type-post","status-publish","format-standard","hentry","category-cine","category-internet","category-publicidad","category-television","tag-oscars","tag-redes-sociales"],"_links":{"self":[{"href":"https:\/\/www.evasanagustin.com\/workaholic\/wp-json\/wp\/v2\/posts\/11287","targetHints":{"allow":["GET"]}}],"collection":[{"href":"https:\/\/www.evasanagustin.com\/workaholic\/wp-json\/wp\/v2\/posts"}],"about":[{"href":"https:\/\/www.evasanagustin.com\/workaholic\/wp-json\/wp\/v2\/types\/post"}],"author":[{"embeddable":true,"href":"https:\/\/www.evasanagustin.com\/workaholic\/wp-json\/wp\/v2\/users\/1"}],"replies":[{"embeddable":true,"href":"https:\/\/www.evasanagustin.com\/workaholic\/wp-json\/wp\/v2\/comments?post=11287"}],"version-history":[{"count":7,"href":"https:\/\/www.evasanagustin.com\/workaholic\/wp-json\/wp\/v2\/posts\/11287\/revisions"}],"predecessor-version":[{"id":11298,"href":"https:\/\/www.evasanagustin.com\/workaholic\/wp-json\/wp\/v2\/posts\/11287\/revisions\/11298"}],"wp:attachment":[{"href":"https:\/\/www.evasanagustin.com\/workaholic\/wp-json\/wp\/v2\/media?parent=11287"}],"wp:term":[{"taxonomy":"category","embeddable":true,"href":"https:\/\/www.evasanagustin.com\/workaholic\/wp-json\/wp\/v2\/categories?post=11287"},{"taxonomy":"post_tag","embeddable":true,"href":"https:\/\/www.evasanagustin.com\/workaholic\/wp-json\/wp\/v2\/tags?post=11287"}],"curies":[{"name":"wp","href":"https:\/\/api.w.org\/{rel}","templated":true}]}}