{"id":10510,"date":"2018-06-04T08:08:52","date_gmt":"2018-06-04T06:08:52","guid":{"rendered":"http:\/\/www.evasanagustin.com\/workaholic\/?p=10510"},"modified":"2018-06-05T23:03:27","modified_gmt":"2018-06-05T21:03:27","slug":"contenidos-datos-sobre-el-uso-del-calendario-editorial-en-las-empresas","status":"publish","type":"post","link":"https:\/\/www.evasanagustin.com\/workaholic\/2018\/06\/04\/contenidos-datos-sobre-el-uso-del-calendario-editorial-en-las-empresas\/","title":{"rendered":"[Contenidos] Datos sobre el uso del calendario editorial en las empresas"},"content":{"rendered":"<p>Hace ya un a\u00f1o y medio <a href=\"http:\/\/www.evasanagustin.com\/workaholic\/2017\/01\/23\/calendario-editorial-mensual-test-plantilla-y-guia-para-planificar-tus-contenidos\/\">puse en marcha<\/a> un test de autoevaluaci\u00f3n en mi centro de recursos para ayudarte a <strong>descubrir si tu calendario editorial ten\u00eda lo que hay que tener<\/strong> para considerarlo \u00fatil. Aprovechando que estoy haciendo varios cambios en mi web (espero acabar en breve para anunciarlo oficialmente), he sacado algunas estad\u00edsticas que me parece interesante compartir. Antes, quiz\u00e1 quieras\u00a0<a href=\"http:\/\/www.marketingdecontenidos.es\/herramientas\/autocalendario\/\">hacer el test<\/a> para entender mejor este post (aprovecho para recordarte que todos <a href=\"http:\/\/www.marketingdecontenidos.es\/herramientas\/\">mis tests<\/a> son an\u00f3nimos).<\/p>\n<p>En estos momentos (va variando seg\u00fan el n\u00famero de respuestas), <strong>la media est\u00e1 en 45%<\/strong>. Para poner\u00a0 contexto al dato: un n\u00famero alto indicar\u00eda que los calendarios editoriales son documentos pr\u00e1cticos y bien enfocados, uno bajo que no sirven para mucho. Estar casi a la mitad se puede interpretar como que son medianamente aceptables pero que pueden mejorarse.<\/p>\n<p>Aunque <a href=\"http:\/\/www.marketingdecontenidos.es\/herramientas\/madurez\/\">ambos tests<\/a> no est\u00e1n directamente relacionados, me atrevo a decir que est\u00e1n en un <a href=\"http:\/\/www.evasanagustin.com\/workaholic\/2017\/05\/22\/nivel-intermedio-de-madurez-de-la-estrategia-de-contenidos-infografia\/\">nivel intermedio de madurez<\/a> en su estrategia de contenidos. En el caso del <a href=\"http:\/\/www.marketingdecontenidos.es\/herramientas\/autodiagnostico\/\">test de autodiagn\u00f3stico<\/a>, la pregunta relacionada con el calendario editorial <a href=\"http:\/\/www.evasanagustin.com\/workaholic\/2015\/04\/13\/contenidos-donde-se-flaquea-mas-en-una-estrategia-de-marketing-de-contenidos\/\">sigue llev\u00e1ndose<\/a> el n\u00famero de m\u00e1s bajo de respuestas positivas. \u00a1A\u00fan margen para mejorar!<\/p>\n<p>Entrando al detalle de las respuestas del test sobre el calendario editorial, la 2\u00ba pregunta con el porcentaje m\u00e1s bajo es: \u00ab\u00bf<strong>has planificado los contenidos del resto del mes<\/strong>?\u00bb y el 81% ha contestado negativamente.<\/p>\n<span class='bctt-click-to-tweet'><span class='bctt-ctt-text'><a href='https:\/\/x.com\/intent\/tweet?url=https%3A%2F%2Fwww.evasanagustin.com%2Fworkaholic%2F2018%2F06%2F04%2Fcontenidos-datos-sobre-el-uso-del-calendario-editorial-en-las-empresas%2F&#038;text=El%2019%25%20de%20los%20participantes%20ha%20planificado%20los%20contenidos%20del%20pr%C3%B3ximo%20mes%20en%20un%20calendario%20editorial.&#038;via=evasanagustin&#038;related=evasanagustin' target='_blank'rel=\"noopener noreferrer\">El 19% de los participantes ha planificado los contenidos del pr\u00f3ximo mes en un calendario editorial. <\/a><\/span><a href='https:\/\/x.com\/intent\/tweet?url=https%3A%2F%2Fwww.evasanagustin.com%2Fworkaholic%2F2018%2F06%2F04%2Fcontenidos-datos-sobre-el-uso-del-calendario-editorial-en-las-empresas%2F&#038;text=El%2019%25%20de%20los%20participantes%20ha%20planificado%20los%20contenidos%20del%20pr%C3%B3ximo%20mes%20en%20un%20calendario%20editorial.&#038;via=evasanagustin&#038;related=evasanagustin' target='_blank' class='bctt-ctt-btn'rel=\"noopener noreferrer\">Compartir en X<\/a><\/span>\n<p>La pregunta con el 2\u00ba porcentaje m\u00e1s alto me permite ser algo m\u00e1s optimista porque tiene que ver con la publicaci\u00f3n a corto plazo: \u00ab\u00bf<strong>sabes qu\u00e9 publicar\u00e1s ma\u00f1ana<\/strong>?\u00bb y el 68% dice saberlo.<\/p>\n<span class='bctt-click-to-tweet'><span class='bctt-ctt-text'><a href='https:\/\/x.com\/intent\/tweet?url=https%3A%2F%2Fwww.evasanagustin.com%2Fworkaholic%2F2018%2F06%2F04%2Fcontenidos-datos-sobre-el-uso-del-calendario-editorial-en-las-empresas%2F&#038;text=El%2032%25%20de%20los%20participantes%20no%20saben%20qu%C3%A9%20publicar%C3%A1n%20ma%C3%B1ana%3A%20est%C3%A1%20claro%20que%20necesitan%20un%20calendario%20editorial.&#038;via=evasanagustin&#038;related=evasanagustin' target='_blank'rel=\"noopener noreferrer\">El 32% de los participantes no saben qu\u00e9 publicar\u00e1n ma\u00f1ana: est\u00e1 claro que necesitan un calendario editorial. <\/a><\/span><a href='https:\/\/x.com\/intent\/tweet?url=https%3A%2F%2Fwww.evasanagustin.com%2Fworkaholic%2F2018%2F06%2F04%2Fcontenidos-datos-sobre-el-uso-del-calendario-editorial-en-las-empresas%2F&#038;text=El%2032%25%20de%20los%20participantes%20no%20saben%20qu%C3%A9%20publicar%C3%A1n%20ma%C3%B1ana%3A%20est%C3%A1%20claro%20que%20necesitan%20un%20calendario%20editorial.&#038;via=evasanagustin&#038;related=evasanagustin' target='_blank' class='bctt-ctt-btn'rel=\"noopener noreferrer\">Compartir en X<\/a><\/span>\n<p>En cuanto a las preguntas relacionadas con los canales, podr\u00edamos ordenar su importancia o inter\u00e9s por parte de las empresas considerando las respuestas con mejor puntuaci\u00f3n. As\u00ed, Facebook va por delante de Twitter y el blog que casi empatan y la newsletter se queda la \u00faltima en cuanto a <strong>cumplir con la planificaci\u00f3n establecida<\/strong>. Resulta curioso porque casi coincide con el orden inverso de dedicaci\u00f3n que podr\u00eda esperarse para generar contenido en esos canales. \u00bfO es comparable <a href=\"http:\/\/www.evasanagustin.com\/workaholic\/2016\/11\/21\/contenidos-3h-para-escribir-un-post-de-1000-palabras-1-vez-a-la-semana\/\">el tiempo que se tarda en preparar un post<\/a> con un tuit?<\/p>\n<span class='bctt-click-to-tweet'><span class='bctt-ctt-text'><a href='https:\/\/x.com\/intent\/tweet?url=https%3A%2F%2Fwww.evasanagustin.com%2Fworkaholic%2F2018%2F06%2F04%2Fcontenidos-datos-sobre-el-uso-del-calendario-editorial-en-las-empresas%2F&#038;text=La%20red%20social%20que%20m%C3%A1s%20se%20cuida%20en%20el%20calendario%20editorial%20es%20Facebook%2C%20la%20peor%20parte%20se%20la%20lleva%20la%20newsletter.&#038;via=evasanagustin&#038;related=evasanagustin' target='_blank'rel=\"noopener noreferrer\">La red social que m\u00e1s se cuida en el calendario editorial es Facebook, la peor parte se la lleva la newsletter. <\/a><\/span><a href='https:\/\/x.com\/intent\/tweet?url=https%3A%2F%2Fwww.evasanagustin.com%2Fworkaholic%2F2018%2F06%2F04%2Fcontenidos-datos-sobre-el-uso-del-calendario-editorial-en-las-empresas%2F&#038;text=La%20red%20social%20que%20m%C3%A1s%20se%20cuida%20en%20el%20calendario%20editorial%20es%20Facebook%2C%20la%20peor%20parte%20se%20la%20lleva%20la%20newsletter.&#038;via=evasanagustin&#038;related=evasanagustin' target='_blank' class='bctt-ctt-btn'rel=\"noopener noreferrer\">Compartir en X<\/a><\/span>\n<p>Por eso la \u00faltima pregunta que me parece interesante comentar aqu\u00ed es la relacionada con la manera en que se utiliza el calendario editorial. Y es que, m\u00e1s all\u00e1 de rellenarlo con contenidos de los diferentes canales, tambi\u00e9n resulta \u00fatil para <strong>la gesti\u00f3n de proyectos aplicada al <a href=\"http:\/\/www.evasanagustin.com\/workaholic\/2014\/10\/20\/contenidos-conoce-el-ciclo-de-vida-de-tus-contenidos-para-no-matarlos-rapidamente\/\">ciclo de vida del contenido<\/a><\/strong>. Ya que se apunta qu\u00e9 publicar, \u00bfpor qu\u00e9 no tambi\u00e9n su status <a href=\"http:\/\/www.evasanagustin.com\/workaholic\/2017\/02\/13\/contenidos-reflexiones-sobre-el-departamento-de-contenidos-de-una-empresa\/\">dentro del departamento<\/a>? Pues solo una cuarta parte lo hace, \u00bfno te parece poco?<\/p>\n<span class='bctt-click-to-tweet'><span class='bctt-ctt-text'><a href='https:\/\/x.com\/intent\/tweet?url=https%3A%2F%2Fwww.evasanagustin.com%2Fworkaholic%2F2018%2F06%2F04%2Fcontenidos-datos-sobre-el-uso-del-calendario-editorial-en-las-empresas%2F&#038;text=El%2024%25%20utiliza%20el%20calendario%20editorial%20para%20gestionar%20el%20proceso%20de%20creaci%C3%B3n%20y%20promoci%C3%B3n%20de%20sus%20contenidos.&#038;via=evasanagustin&#038;related=evasanagustin' target='_blank'rel=\"noopener noreferrer\">El 24% utiliza el calendario editorial para gestionar el proceso de creaci\u00f3n y promoci\u00f3n de sus contenidos. <\/a><\/span><a href='https:\/\/x.com\/intent\/tweet?url=https%3A%2F%2Fwww.evasanagustin.com%2Fworkaholic%2F2018%2F06%2F04%2Fcontenidos-datos-sobre-el-uso-del-calendario-editorial-en-las-empresas%2F&#038;text=El%2024%25%20utiliza%20el%20calendario%20editorial%20para%20gestionar%20el%20proceso%20de%20creaci%C3%B3n%20y%20promoci%C3%B3n%20de%20sus%20contenidos.&#038;via=evasanagustin&#038;related=evasanagustin' target='_blank' class='bctt-ctt-btn'rel=\"noopener noreferrer\">Compartir en X<\/a><\/span>\n<p>Est\u00e1 claro que <a href=\"http:\/\/www.marketingdecontenidos.es\/plantillas\/calendario-editorial\/\">un calendario editorial es un documento<\/a> que tiene que ser \u00fatil, as\u00ed que cada uno lo puede utilizar a su manera. No es que haya una buena o mala, simplemente <strong>basta con que cumpla con el objetivo<\/strong> para que siga teniendo sentido usarlo por todas las personas implicadas. Precisamente, cuando han varios usuarios, conviene consensuar su forma de uso para que el tiempo y los recursos se gestiones de forma eficiente.<\/p>\n","protected":false},"excerpt":{"rendered":"<p>Hace ya un a\u00f1o y medio puse en marcha un test de autoevaluaci\u00f3n en mi centro de recursos para ayudarte a descubrir si tu calendario editorial ten\u00eda lo que hay que tener para considerarlo \u00fatil. Aprovechando que estoy haciendo varios cambios en mi web (espero acabar en breve para anunciarlo oficialmente), he sacado algunas estad\u00edsticas [&hellip;]<\/p>\n","protected":false},"author":1,"featured_media":0,"comment_status":"open","ping_status":"open","sticky":false,"template":"","format":"standard","meta":{"_monsterinsights_skip_tracking":false,"_monsterinsights_sitenote_active":false,"_monsterinsights_sitenote_note":"","_monsterinsights_sitenote_category":0,"site-sidebar-layout":"default","site-content-layout":"","ast-site-content-layout":"default","site-content-style":"default","site-sidebar-style":"default","ast-global-header-display":"","ast-banner-title-visibility":"","ast-main-header-display":"","ast-hfb-above-header-display":"","ast-hfb-below-header-display":"","ast-hfb-mobile-header-display":"","site-post-title":"","ast-breadcrumbs-content":"","ast-featured-img":"","footer-sml-layout":"","ast-disable-related-posts":"","theme-transparent-header-meta":"","adv-header-id-meta":"","stick-header-meta":"","header-above-stick-meta":"","header-main-stick-meta":"","header-below-stick-meta":"","astra-migrate-meta-layouts":"default","ast-page-background-enabled":"default","ast-page-background-meta":{"desktop":{"background-color":"var(--ast-global-color-5)","background-image":"","background-repeat":"repeat","background-position":"center center","background-size":"auto","background-attachment":"scroll","background-type":"","background-media":"","overlay-type":"","overlay-color":"","overlay-opacity":"","overlay-gradient":""},"tablet":{"background-color":"","background-image":"","background-repeat":"repeat","background-position":"center center","background-size":"auto","background-attachment":"scroll","background-type":"","background-media":"","overlay-type":"","overlay-color":"","overlay-opacity":"","overlay-gradient":""},"mobile":{"background-color":"","background-image":"","background-repeat":"repeat","background-position":"center center","background-size":"auto","background-attachment":"scroll","background-type":"","background-media":"","overlay-type":"","overlay-color":"","overlay-opacity":"","overlay-gradient":""}},"ast-content-background-meta":{"desktop":{"background-color":"var(--ast-global-color-4)","background-image":"","background-repeat":"repeat","background-position":"center center","background-size":"auto","background-attachment":"scroll","background-type":"","background-media":"","overlay-type":"","overlay-color":"","overlay-opacity":"","overlay-gradient":""},"tablet":{"background-color":"var(--ast-global-color-4)","background-image":"","background-repeat":"repeat","background-position":"center center","background-size":"auto","background-attachment":"scroll","background-type":"","background-media":"","overlay-type":"","overlay-color":"","overlay-opacity":"","overlay-gradient":""},"mobile":{"background-color":"var(--ast-global-color-4)","background-image":"","background-repeat":"repeat","background-position":"center center","background-size":"auto","background-attachment":"scroll","background-type":"","background-media":"","overlay-type":"","overlay-color":"","overlay-opacity":"","overlay-gradient":""}},"footnotes":""},"categories":[462],"tags":[453,539],"class_list":["post-10510","post","type-post","status-publish","format-standard","hentry","category-mercado-de-contenidos","tag-calendario-editorial","tag-departamento-de-contenidos"],"_links":{"self":[{"href":"https:\/\/www.evasanagustin.com\/workaholic\/wp-json\/wp\/v2\/posts\/10510","targetHints":{"allow":["GET"]}}],"collection":[{"href":"https:\/\/www.evasanagustin.com\/workaholic\/wp-json\/wp\/v2\/posts"}],"about":[{"href":"https:\/\/www.evasanagustin.com\/workaholic\/wp-json\/wp\/v2\/types\/post"}],"author":[{"embeddable":true,"href":"https:\/\/www.evasanagustin.com\/workaholic\/wp-json\/wp\/v2\/users\/1"}],"replies":[{"embeddable":true,"href":"https:\/\/www.evasanagustin.com\/workaholic\/wp-json\/wp\/v2\/comments?post=10510"}],"version-history":[{"count":11,"href":"https:\/\/www.evasanagustin.com\/workaholic\/wp-json\/wp\/v2\/posts\/10510\/revisions"}],"predecessor-version":[{"id":10935,"href":"https:\/\/www.evasanagustin.com\/workaholic\/wp-json\/wp\/v2\/posts\/10510\/revisions\/10935"}],"wp:attachment":[{"href":"https:\/\/www.evasanagustin.com\/workaholic\/wp-json\/wp\/v2\/media?parent=10510"}],"wp:term":[{"taxonomy":"category","embeddable":true,"href":"https:\/\/www.evasanagustin.com\/workaholic\/wp-json\/wp\/v2\/categories?post=10510"},{"taxonomy":"post_tag","embeddable":true,"href":"https:\/\/www.evasanagustin.com\/workaholic\/wp-json\/wp\/v2\/tags?post=10510"}],"curies":[{"name":"wp","href":"https:\/\/api.w.org\/{rel}","templated":true}]}}